{"id":41554,"date":"2019-06-19T06:00:00","date_gmt":"2019-06-19T10:00:00","guid":{"rendered":"https:\/\/linitiative.ca\/International\/vinfast-a-lepreuve-de-la-route\/"},"modified":"2019-06-19T06:00:00","modified_gmt":"2019-06-19T10:00:00","slug":"vinfast-a-lepreuve-de-la-route","status":"publish","type":"post","link":"https:\/\/linitiative.ca\/International\/vinfast-a-lepreuve-de-la-route\/","title":{"rendered":"VinFast \u00e0 l\u2019\u00e9preuve de la route"},"content":{"rendered":"<p>Pr\u00e9sent sur le dernier Mondial de Paris, le premier constructeur vietnamien, VinFast, livre aujourd&rsquo;hui ses tout premiers v\u00e9hicules sur son march\u00e9 domestique.<br \/>Fond\u00e9 il y a moins de deux ans, VinFast, filiale du plus grand groupe priv\u00e9 du pays, Vingroup, a livr\u00e9 cette semaine ses tout premiers v\u00e9hicules sur son march\u00e9 domestique.La firme a d\u00e9voil\u00e9 ses deux premiers mod\u00e8les en septembre 2018 avant de les exposer peu apr\u00e8s au Mondial de l&rsquo;automobile de Paris.\u00a0<br \/>Il s&rsquo;agissait de la berline LUX A2.0 et du SUV LUX SA2.0, dessin\u00e9s en collaboration avec le c\u00e9l\u00e8bre studio de design italien Pininfarina. A cette occasion, la marque avait mis les petits plats dans les grands puisque l&rsquo;ancien footballeur David Beckham lui servait alors d&rsquo;ambassadeur. VinFast aurait d\u00e9j\u00e0 enregistr\u00e9 plus de 10 000 commandes.<\/p>\n<p>Auteur:<br \/>\n<a href=\"https:\/\/www.lesoirdalgerie.com\/le-soir-auto\/vinfast-a-lepreuve-de-la-route-25654\">Cliquez ici pour lire l&rsquo;article depuis sa source.<\/a><\/p>\n","protected":false},"excerpt":{"rendered":"<p>Pr\u00e9sent sur le dernier Mondial de Paris, le premier constructeur vietnamien, VinFast, livre aujourd&rsquo;hui ses tout premiers v\u00e9hicules sur son march\u00e9 domestique.Fond\u00e9 il y a moins de deux ans, VinFast, filiale du plus grand groupe priv\u00e9 du pays, Vingroup, a livr\u00e9 cette semaine ses tout premiers v\u00e9hicules sur son march\u00e9 domestique.La firme a d\u00e9voil\u00e9 ses [&hellip;]<\/p>\n","protected":false},"author":1741,"featured_media":0,"comment_status":"closed","ping_status":"closed","sticky":false,"template":"","format":"standard","meta":{"fifu_image_url":"","fifu_image_alt":"","footnotes":""},"categories":[73,53],"tags":[],"class_list":["post-41554","post","type-post","status-publish","format-standard","hentry","category-actualite","category-algerie"],"_links":{"self":[{"href":"https:\/\/linitiative.ca\/International\/wp-json\/wp\/v2\/posts\/41554","targetHints":{"allow":["GET"]}}],"collection":[{"href":"https:\/\/linitiative.ca\/International\/wp-json\/wp\/v2\/posts"}],"about":[{"href":"https:\/\/linitiative.ca\/International\/wp-json\/wp\/v2\/types\/post"}],"author":[{"embeddable":true,"href":"https:\/\/linitiative.ca\/International\/wp-json\/wp\/v2\/users\/1741"}],"replies":[{"embeddable":true,"href":"https:\/\/linitiative.ca\/International\/wp-json\/wp\/v2\/comments?post=41554"}],"version-history":[{"count":0,"href":"https:\/\/linitiative.ca\/International\/wp-json\/wp\/v2\/posts\/41554\/revisions"}],"wp:attachment":[{"href":"https:\/\/linitiative.ca\/International\/wp-json\/wp\/v2\/media?parent=41554"}],"wp:term":[{"taxonomy":"category","embeddable":true,"href":"https:\/\/linitiative.ca\/International\/wp-json\/wp\/v2\/categories?post=41554"},{"taxonomy":"post_tag","embeddable":true,"href":"https:\/\/linitiative.ca\/International\/wp-json\/wp\/v2\/tags?post=41554"}],"curies":[{"name":"wp","href":"https:\/\/api.w.org\/{rel}","templated":true}]}}