{"id":41555,"date":"2019-06-19T06:00:00","date_gmt":"2019-06-19T10:00:00","guid":{"rendered":"https:\/\/linitiative.ca\/International\/un-combine-innovant\/"},"modified":"2019-06-19T06:00:00","modified_gmt":"2019-06-19T10:00:00","slug":"un-combine-innovant","status":"publish","type":"post","link":"https:\/\/linitiative.ca\/International\/un-combine-innovant\/","title":{"rendered":"Un combin\u00e9 innovant"},"content":{"rendered":"<p>Kia d\u00e9voile l&rsquo;in\u00e9dit combin\u00e9 d&rsquo;instrumentation 100% num\u00e9rique de 12,3 pouces du XCeed, son nouveau crossover sur base de Ceed. Quelques jours apr\u00e8s s&rsquo;\u00eatre montr\u00e9 via une premi\u00e8re photo officielle, le crossover, qui n&rsquo;est autre qu&rsquo;une version sur\u00e9lev\u00e9e de la Ceed, r\u00e9v\u00e8le aujourd&rsquo;hui une partie de son int\u00e9rieur.<br \/>Par le biais d&rsquo;un nouveau clich\u00e9, le mod\u00e8le pr\u00e9sente en effet un in\u00e9dit combin\u00e9 d&rsquo;instrumentation 100% num\u00e9rique de 12,3 pouces. Baptis\u00e9 \u00abSupervision\u00bb, cet \u00e9l\u00e9ment \u00abjouera un r\u00f4le important dans l\u2019affichage clair des informations fournies au conducteur\u00bb, promet Emilio Herrera, P-DG de Kia Europe.<br \/>\u00abSon affichage unique int\u00e8gre des cadrans num\u00e9riques tr\u00e8s pr\u00e9cis pour les vitesses du v\u00e9hicule et du moteur\u00bb, a-t-il encore expliqu\u00e9. Entre ces deux cadrans se trouve un \u00e9cran multifonctions, contr\u00f4l\u00e9 par le volant, sur lequel le conducteur peut retrouver de multiples informations comme par exemple les indications de navigation et les alertes de diagnostic du v\u00e9hicule. Le syst\u00e8me peut aussi conseiller au conducteur de faire une pause s&rsquo;il d\u00e9tecte chez lui des signes de fatigue et affiche en outre des graphismes et des informations diff\u00e9rents selon le mode de conduite choisi (normal ou sport).\u00a0<br \/>La pr\u00e9sentation du XCeed a \u00e9t\u00e9 annonc\u00e9e pour le 26 juin prochain. Le crossover sera ensuite expos\u00e9 en septembre sur le Salon automobile de Francfort, en Allemagne.\u00a0<br \/>Le combin\u00e9 \u00abSupervision\u00bb sera,\u00a0 lui, par la suite propos\u00e9 sur plusieurs autres mod\u00e8les de la marque, y compris sur les v\u00e9hicules \u00e9lectrifi\u00e9s.<\/p>\n<p>Auteur:<br \/>\n<a href=\"https:\/\/www.lesoirdalgerie.com\/le-soir-auto\/un-combine-innovant-25653\">Cliquez ici pour lire l&rsquo;article depuis sa source.<\/a><\/p>\n","protected":false},"excerpt":{"rendered":"<p>Kia d\u00e9voile l&rsquo;in\u00e9dit combin\u00e9 d&rsquo;instrumentation 100% num\u00e9rique de 12,3 pouces du XCeed, son nouveau crossover sur base de Ceed. Quelques jours apr\u00e8s s&rsquo;\u00eatre montr\u00e9 via une premi\u00e8re photo officielle, le crossover, qui n&rsquo;est autre qu&rsquo;une version sur\u00e9lev\u00e9e de la Ceed, r\u00e9v\u00e8le aujourd&rsquo;hui une partie de son int\u00e9rieur.Par le biais d&rsquo;un nouveau clich\u00e9, le mod\u00e8le pr\u00e9sente [&hellip;]<\/p>\n","protected":false},"author":1741,"featured_media":0,"comment_status":"closed","ping_status":"closed","sticky":false,"template":"","format":"standard","meta":{"fifu_image_url":"","fifu_image_alt":"","footnotes":""},"categories":[73,53],"tags":[],"class_list":["post-41555","post","type-post","status-publish","format-standard","hentry","category-actualite","category-algerie"],"_links":{"self":[{"href":"https:\/\/linitiative.ca\/International\/wp-json\/wp\/v2\/posts\/41555","targetHints":{"allow":["GET"]}}],"collection":[{"href":"https:\/\/linitiative.ca\/International\/wp-json\/wp\/v2\/posts"}],"about":[{"href":"https:\/\/linitiative.ca\/International\/wp-json\/wp\/v2\/types\/post"}],"author":[{"embeddable":true,"href":"https:\/\/linitiative.ca\/International\/wp-json\/wp\/v2\/users\/1741"}],"replies":[{"embeddable":true,"href":"https:\/\/linitiative.ca\/International\/wp-json\/wp\/v2\/comments?post=41555"}],"version-history":[{"count":0,"href":"https:\/\/linitiative.ca\/International\/wp-json\/wp\/v2\/posts\/41555\/revisions"}],"wp:attachment":[{"href":"https:\/\/linitiative.ca\/International\/wp-json\/wp\/v2\/media?parent=41555"}],"wp:term":[{"taxonomy":"category","embeddable":true,"href":"https:\/\/linitiative.ca\/International\/wp-json\/wp\/v2\/categories?post=41555"},{"taxonomy":"post_tag","embeddable":true,"href":"https:\/\/linitiative.ca\/International\/wp-json\/wp\/v2\/tags?post=41555"}],"curies":[{"name":"wp","href":"https:\/\/api.w.org\/{rel}","templated":true}]}}