{"id":41556,"date":"2019-06-19T06:00:00","date_gmt":"2019-06-19T10:00:00","guid":{"rendered":"https:\/\/linitiative.ca\/International\/retard-dans-les-rappels\/"},"modified":"2019-06-19T06:00:00","modified_gmt":"2019-06-19T10:00:00","slug":"retard-dans-les-rappels","status":"publish","type":"post","link":"https:\/\/linitiative.ca\/International\/retard-dans-les-rappels\/","title":{"rendered":"Retard dans les rappels"},"content":{"rendered":"<p>Pr\u00e8s de quatre ans apr\u00e8s l\u2019\u00e9clatement du scandale des moteurs diesel truqu\u00e9s, seuls 10 millions des 43 millions de v\u00e9hicules concern\u00e9s en Europe auraient \u00e9t\u00e9 rappel\u00e9s d\u2019apr\u00e8s l\u2019ONG Transport &#038; Environment. Mais la situation varie tr\u00e8s fortement d\u2019un pays \u00e0 l\u2019autre\u2026 En se basant sur les chiffres officiels de l\u2019Union europ\u00e9enne, l\u2019ONG Transport &#038; Environment regrette que la mise en conformit\u00e9 des mod\u00e8les impliqu\u00e9s dans le scandale du \u00abdieselgate\u00bb soit si lente. Pr\u00e8s de quatre ans apr\u00e8s l\u2019\u00e9clatement du scandale, seuls 10 millions des 43 millions de v\u00e9hicules impliqu\u00e9s (toutes marques confondues) auraient ainsi \u00e9t\u00e9 rappel\u00e9s en Europe. L\u2019ONG publie notamment un tableau reprenant le taux de rappel des mod\u00e8les Volkswagen impliqu\u00e9s dans ce scandale. On peut y voir que 99% des mod\u00e8les \u00e9quip\u00e9s des moteurs du type EA189 incrimin\u00e9s ont \u00e9t\u00e9 rappel\u00e9s en Allemagne\u2026 contre moins de 50% en Croatie, en Pologne ou en Roumanie (75% en Belgique). L\u2019ONG ajoute d\u2019ailleurs que 350 000 \u00abdiesel sales\u00bb ont \u00e9t\u00e9 export\u00e9s de l\u2019Allemagne vers la Pologne durant la seule ann\u00e9e 2017.<\/p>\n<p>Auteur:<br \/>\n<a href=\"https:\/\/www.lesoirdalgerie.com\/le-soir-auto\/retard-dans-les-rappels-25652\">Cliquez ici pour lire l&rsquo;article depuis sa source.<\/a><\/p>\n","protected":false},"excerpt":{"rendered":"<p>Pr\u00e8s de quatre ans apr\u00e8s l\u2019\u00e9clatement du scandale des moteurs diesel truqu\u00e9s, seuls 10 millions des 43 millions de v\u00e9hicules concern\u00e9s en Europe auraient \u00e9t\u00e9 rappel\u00e9s d\u2019apr\u00e8s l\u2019ONG Transport &#038; Environment. Mais la situation varie tr\u00e8s fortement d\u2019un pays \u00e0 l\u2019autre\u2026 En se basant sur les chiffres officiels de l\u2019Union europ\u00e9enne, l\u2019ONG Transport &#038; Environment [&hellip;]<\/p>\n","protected":false},"author":1741,"featured_media":0,"comment_status":"closed","ping_status":"closed","sticky":false,"template":"","format":"standard","meta":{"fifu_image_url":"","fifu_image_alt":"","footnotes":""},"categories":[73,53],"tags":[],"class_list":["post-41556","post","type-post","status-publish","format-standard","hentry","category-actualite","category-algerie"],"_links":{"self":[{"href":"https:\/\/linitiative.ca\/International\/wp-json\/wp\/v2\/posts\/41556","targetHints":{"allow":["GET"]}}],"collection":[{"href":"https:\/\/linitiative.ca\/International\/wp-json\/wp\/v2\/posts"}],"about":[{"href":"https:\/\/linitiative.ca\/International\/wp-json\/wp\/v2\/types\/post"}],"author":[{"embeddable":true,"href":"https:\/\/linitiative.ca\/International\/wp-json\/wp\/v2\/users\/1741"}],"replies":[{"embeddable":true,"href":"https:\/\/linitiative.ca\/International\/wp-json\/wp\/v2\/comments?post=41556"}],"version-history":[{"count":0,"href":"https:\/\/linitiative.ca\/International\/wp-json\/wp\/v2\/posts\/41556\/revisions"}],"wp:attachment":[{"href":"https:\/\/linitiative.ca\/International\/wp-json\/wp\/v2\/media?parent=41556"}],"wp:term":[{"taxonomy":"category","embeddable":true,"href":"https:\/\/linitiative.ca\/International\/wp-json\/wp\/v2\/categories?post=41556"},{"taxonomy":"post_tag","embeddable":true,"href":"https:\/\/linitiative.ca\/International\/wp-json\/wp\/v2\/tags?post=41556"}],"curies":[{"name":"wp","href":"https:\/\/api.w.org\/{rel}","templated":true}]}}