{"id":41562,"date":"2019-06-19T06:00:00","date_gmt":"2019-06-19T10:00:00","guid":{"rendered":"https:\/\/linitiative.ca\/International\/veloute-de-pomme-et-courgettes-au-chevre\/"},"modified":"2019-06-19T06:00:00","modified_gmt":"2019-06-19T10:00:00","slug":"veloute-de-pomme-et-courgettes-au-chevre","status":"publish","type":"post","link":"https:\/\/linitiative.ca\/International\/veloute-de-pomme-et-courgettes-au-chevre\/","title":{"rendered":"Velout\u00e9 de pomme et courgettes au ch\u00e8vre"},"content":{"rendered":"<p><em><strong>1 pomme, 3 courgettes, 20 g de ch\u00e8vre, 1 oignon, 1 cube\u00a0<\/strong><\/em><\/p>\n<p>\u00c9pluchez la pomme et les courgettes, puis d\u00e9taillez-les en morceaux. Pelez l\u2019oignon et \u00e9mincez-le.<br \/>Portez \u00e0 \u00e9bullition 1 litre d&rsquo;eau, diluez-y le cube de bouillon et ajoutez les courgettes, la pomme et l&rsquo;oignon.<br \/>Incorporez le fromage, puis m\u00e9langez.<br \/>Mixez finement, saupoudrez de persil et servez aussit\u00f4t.<\/p>\n<p>Auteur:<br \/>\n<a href=\"https:\/\/www.lesoirdalgerie.com\/femme-magazine\/veloute-de-pomme-et-courgettes-au-chevre-25646\">Cliquez ici pour lire l&rsquo;article depuis sa source.<\/a><\/p>\n","protected":false},"excerpt":{"rendered":"<p>1 pomme, 3 courgettes, 20 g de ch\u00e8vre, 1 oignon, 1 cube\u00a0 \u00c9pluchez la pomme et les courgettes, puis d\u00e9taillez-les en morceaux. Pelez l\u2019oignon et \u00e9mincez-le.Portez \u00e0 \u00e9bullition 1 litre d&rsquo;eau, diluez-y le cube de bouillon et ajoutez les courgettes, la pomme et l&rsquo;oignon.Incorporez le fromage, puis m\u00e9langez.Mixez finement, saupoudrez de persil et servez aussit\u00f4t. [&hellip;]<\/p>\n","protected":false},"author":1741,"featured_media":0,"comment_status":"closed","ping_status":"closed","sticky":false,"template":"","format":"standard","meta":{"fifu_image_url":"","fifu_image_alt":"","footnotes":""},"categories":[73,53],"tags":[],"class_list":["post-41562","post","type-post","status-publish","format-standard","hentry","category-actualite","category-algerie"],"_links":{"self":[{"href":"https:\/\/linitiative.ca\/International\/wp-json\/wp\/v2\/posts\/41562","targetHints":{"allow":["GET"]}}],"collection":[{"href":"https:\/\/linitiative.ca\/International\/wp-json\/wp\/v2\/posts"}],"about":[{"href":"https:\/\/linitiative.ca\/International\/wp-json\/wp\/v2\/types\/post"}],"author":[{"embeddable":true,"href":"https:\/\/linitiative.ca\/International\/wp-json\/wp\/v2\/users\/1741"}],"replies":[{"embeddable":true,"href":"https:\/\/linitiative.ca\/International\/wp-json\/wp\/v2\/comments?post=41562"}],"version-history":[{"count":0,"href":"https:\/\/linitiative.ca\/International\/wp-json\/wp\/v2\/posts\/41562\/revisions"}],"wp:attachment":[{"href":"https:\/\/linitiative.ca\/International\/wp-json\/wp\/v2\/media?parent=41562"}],"wp:term":[{"taxonomy":"category","embeddable":true,"href":"https:\/\/linitiative.ca\/International\/wp-json\/wp\/v2\/categories?post=41562"},{"taxonomy":"post_tag","embeddable":true,"href":"https:\/\/linitiative.ca\/International\/wp-json\/wp\/v2\/tags?post=41562"}],"curies":[{"name":"wp","href":"https:\/\/api.w.org\/{rel}","templated":true}]}}