{"id":41564,"date":"2019-06-19T04:38:54","date_gmt":"2019-06-19T08:38:54","guid":{"rendered":"https:\/\/linitiative.ca\/International\/un-groupe-marocain-compte-racheter-le-club-francais-fc-sochaux\/"},"modified":"2019-06-19T04:38:54","modified_gmt":"2019-06-19T08:38:54","slug":"un-groupe-marocain-compte-racheter-le-club-francais-fc-sochaux","status":"publish","type":"post","link":"https:\/\/linitiative.ca\/International\/un-groupe-marocain-compte-racheter-le-club-francais-fc-sochaux\/","title":{"rendered":"Un groupe marocain compte racheter le club fran\u00e7ais FC Sochaux"},"content":{"rendered":"<p><strong>Le FC Sochaux est \u00e0 vendre et des investisseurs marocains seraient sur le point d\u2019acheter le club fran\u00e7ais. Il s\u2019agit bien du groupe Green Plus, bas\u00e9 \u00e0 Agadir, et qui aurait formul\u00e9 une offre pour prendre le contr\u00f4le du club.<\/strong><\/p>\n<div class=\"c10\"\/>\n<p>Dirig\u00e9 par Abdellah El Mendili,\u00a0<strong>Green Plus<\/strong> aurait totalement provisionn\u00e9 de quoi passer avec succ\u00e8s l\u2019\u00e9cueil du gendarme financier du foot fran\u00e7ais, et ainsi se maintenir en <strong>Ligue 2<\/strong>. Le groupe porte sur une somme de 4 millions d\u2019euros provisionn\u00e9e pour franchir l\u2019\u00e9cueil de la DNCG (commission charg\u00e9e de surveiller les comptes des clubs de football professionnels en France), \u00e0 cela s\u2019ajoute environ 3,5 millions d\u2019euros pour l\u2019achat des parts. Une condition : que le club soit en Ligue 2 et c\u2019est pourquoi les responsables du club souhaitent avoir toutes les garanties possibles sur les plans financier et juridique.<\/p>\n<p>A noter que le groupe Green Plus est sp\u00e9cialis\u00e9 dans l\u2019agriculture et l\u2019immobilier et veut affirmer son d\u00e9veloppement \u00e0 l\u2019international et notamment sur le march\u00e9 fran\u00e7ais en s\u2019appuyant sur un club de football r\u00e9put\u00e9.<\/p>\n<div class=\"c17\">\n<fieldset class=\"c16\">\n<legend><strong><span class=\"c11\">Challenge<\/span><span class=\"c12\">news<\/span><\/strong><\/legend>\n<div class=\"c15\">Le meilleur de la r\u00e9daction s\u00e9lectionn\u00e9 par Challenge :<\/p>\n<\/div>\n<\/fieldset>\n<\/div>\n<p>Auteur: Hajar DARI<br \/>\n<a href=\"https:\/\/www.challenge.ma\/un-groupe-marocain-compte-racheter-le-club-francais-fc-sochaux-110970\/\">Cliquez ici pour lire l&rsquo;article depuis sa source.<\/a><\/p>\n","protected":false},"excerpt":{"rendered":"<p>Le FC Sochaux est \u00e0 vendre et des investisseurs marocains seraient sur le point d\u2019acheter le club fran\u00e7ais. Il s\u2019agit bien du groupe Green Plus, bas\u00e9 \u00e0 Agadir, et qui aurait formul\u00e9 une offre pour prendre le contr\u00f4le du club. Dirig\u00e9 par Abdellah El Mendili,\u00a0Green Plus aurait totalement provisionn\u00e9 de quoi passer avec succ\u00e8s l\u2019\u00e9cueil [&hellip;]<\/p>\n","protected":false},"author":1787,"featured_media":0,"comment_status":"closed","ping_status":"closed","sticky":false,"template":"","format":"standard","meta":{"fifu_image_url":"","fifu_image_alt":"","footnotes":""},"categories":[78,54],"tags":[],"class_list":["post-41564","post","type-post","status-publish","format-standard","hentry","category-economie","category-maroc"],"_links":{"self":[{"href":"https:\/\/linitiative.ca\/International\/wp-json\/wp\/v2\/posts\/41564","targetHints":{"allow":["GET"]}}],"collection":[{"href":"https:\/\/linitiative.ca\/International\/wp-json\/wp\/v2\/posts"}],"about":[{"href":"https:\/\/linitiative.ca\/International\/wp-json\/wp\/v2\/types\/post"}],"author":[{"embeddable":true,"href":"https:\/\/linitiative.ca\/International\/wp-json\/wp\/v2\/users\/1787"}],"replies":[{"embeddable":true,"href":"https:\/\/linitiative.ca\/International\/wp-json\/wp\/v2\/comments?post=41564"}],"version-history":[{"count":0,"href":"https:\/\/linitiative.ca\/International\/wp-json\/wp\/v2\/posts\/41564\/revisions"}],"wp:attachment":[{"href":"https:\/\/linitiative.ca\/International\/wp-json\/wp\/v2\/media?parent=41564"}],"wp:term":[{"taxonomy":"category","embeddable":true,"href":"https:\/\/linitiative.ca\/International\/wp-json\/wp\/v2\/categories?post=41564"},{"taxonomy":"post_tag","embeddable":true,"href":"https:\/\/linitiative.ca\/International\/wp-json\/wp\/v2\/tags?post=41564"}],"curies":[{"name":"wp","href":"https:\/\/api.w.org\/{rel}","templated":true}]}}