{"id":41587,"date":"2019-06-19T17:04:36","date_gmt":"2019-06-19T21:04:36","guid":{"rendered":"https:\/\/linitiative.ca\/International\/tunisie-video-nabil-karoui-appelle-chahed-a-demissionner-et-a-entrer-dans-la-course-avec-ses-projets-pas-avec-les-moyens-de-letat\/"},"modified":"2019-06-19T17:04:36","modified_gmt":"2019-06-19T21:04:36","slug":"tunisie-video-nabil-karoui-appelle-chahed-a-demissionner-et-a-entrer-dans-la-course-avec-ses-projets-pas-avec-les-moyens-de-letat","status":"publish","type":"post","link":"https:\/\/linitiative.ca\/International\/tunisie-video-nabil-karoui-appelle-chahed-a-demissionner-et-a-entrer-dans-la-course-avec-ses-projets-pas-avec-les-moyens-de-letat\/","title":{"rendered":"Tunisie \u2013 VIDEO\u00a0: Nabil Karoui appelle Chahed \u00e0 d\u00e9missionner et \u00e0 entrer dans la course avec ses projets pas avec les moyens de l\u2019Etat"},"content":{"rendered":"<div class=\"post-cont-in left relative\">\n<div class=\"swp_social_panel swp_horizontal_panel swp_flat_fresh swp_default_full_color swp_individual_full_color swp_other_full_color scale-100 scale-\" data-min-width=\"1100\" data-float-color=\"#ffffff\" data-float=\"none\" data-float-mobile=\"none\" data-transition=\"slide\">\n<div class=\"nc_tweetContainer swp_share_button total_shares total_sharesalt\"><span class=\"swp_count\">1 <span class=\"swp_label\">Partages<\/span><\/span><\/div>\n<\/div>\n<p>Nabil Karoui a diffus\u00e9, \u00e0 travers sa chaine TV priv\u00e9e, une s\u00e9quence vid\u00e9o, dans laquelle il accuse le gouvernement d\u2019user des moyens de l\u2019Etat comme s\u2019ils \u00e9taient les siens. Il appelle Chahed \u00e0 cesser de faire usage des moyens de l\u2019Etat \u00e0 son profit, lui rappelant que l\u2019Etat n\u2019est pas sa propri\u00e9t\u00e9, mais celle du peuple.<\/p>\n<p>Karoui a appel\u00e9 Chahed et son gouvernement \u00e0 d\u00e9missionner et \u00e0 \u00ab\u00a0descendre dans l\u2019ar\u00e8ne\u00a0\u00bb pour se battre contre la concurrence avec la force de ses projets et programmes, et non avec les moyens de l\u2019Etat.<\/p>\n<div class=\"code-block code-block-1 c4\"><ins class=\"adsbygoogle c3\" data-ad-layout=\"in-article\" data-ad-format=\"fluid\" data-ad-client=\"ca-pub-2102118777505746\" data-ad-slot=\"7301775417\"\/> <\/div>\n<div class=\"mvp-org-wrap mvp-org-logo\" itemprop=\"publisher\" itemscope=\"\" itemtype=\"https:\/\/schema.org\/Organization\"><img decoding=\"async\" src=\"https:\/\/www.tunisienumerique.com\/wp-content\/uploads\/2017\/02\/logo_tunisie_numerique.png\"\/><\/div>\n<div class=\"swp_social_panel swp_horizontal_panel swp_flat_fresh swp_default_full_color swp_individual_full_color swp_other_full_color scale-100 scale-\" data-min-width=\"1100\" data-float-color=\"#ffffff\" data-float=\"none\" data-float-mobile=\"none\" data-transition=\"slide\">\n<div class=\"nc_tweetContainer swp_share_button total_shares total_sharesalt\"><span class=\"swp_count\">1 <span class=\"swp_label\">Partages<\/span><\/span><\/div>\n<\/div>\n<div class=\"mvp-related-posts left relative\">\n<h4 class=\"post-header\"><span class=\"post-header\">Lire aussi<\/span><\/h4>\n<\/div>\n<\/div>\n<p>Auteur: LM<br \/>\n<a href=\"https:\/\/www.tunisienumerique.com\/tunisie-video-nabil-karoui-appelle-chahed-a-demissionner-et-a-entrer-dans-la-course-avec-ses-projets-pas-avec-les-moyens-de-letat\/\">Cliquez ici pour lire l&rsquo;article depuis sa source.<\/a><\/p>\n","protected":false},"excerpt":{"rendered":"<p>1 Partages Nabil Karoui a diffus\u00e9, \u00e0 travers sa chaine TV priv\u00e9e, une s\u00e9quence vid\u00e9o, dans laquelle il accuse le gouvernement d\u2019user des moyens de l\u2019Etat comme s\u2019ils \u00e9taient les siens. Il appelle Chahed \u00e0 cesser de faire usage des moyens de l\u2019Etat \u00e0 son profit, lui rappelant que l\u2019Etat n\u2019est pas sa propri\u00e9t\u00e9, mais [&hellip;]<\/p>\n","protected":false},"author":1789,"featured_media":41588,"comment_status":"closed","ping_status":"closed","sticky":false,"template":"","format":"standard","meta":{"fifu_image_url":"","fifu_image_alt":"","footnotes":""},"categories":[73,55],"tags":[],"class_list":["post-41587","post","type-post","status-publish","format-standard","has-post-thumbnail","hentry","category-actualite","category-tunisie"],"_links":{"self":[{"href":"https:\/\/linitiative.ca\/International\/wp-json\/wp\/v2\/posts\/41587","targetHints":{"allow":["GET"]}}],"collection":[{"href":"https:\/\/linitiative.ca\/International\/wp-json\/wp\/v2\/posts"}],"about":[{"href":"https:\/\/linitiative.ca\/International\/wp-json\/wp\/v2\/types\/post"}],"author":[{"embeddable":true,"href":"https:\/\/linitiative.ca\/International\/wp-json\/wp\/v2\/users\/1789"}],"replies":[{"embeddable":true,"href":"https:\/\/linitiative.ca\/International\/wp-json\/wp\/v2\/comments?post=41587"}],"version-history":[{"count":0,"href":"https:\/\/linitiative.ca\/International\/wp-json\/wp\/v2\/posts\/41587\/revisions"}],"wp:featuredmedia":[{"embeddable":true,"href":"https:\/\/linitiative.ca\/International\/wp-json\/"}],"wp:attachment":[{"href":"https:\/\/linitiative.ca\/International\/wp-json\/wp\/v2\/media?parent=41587"}],"wp:term":[{"taxonomy":"category","embeddable":true,"href":"https:\/\/linitiative.ca\/International\/wp-json\/wp\/v2\/categories?post=41587"},{"taxonomy":"post_tag","embeddable":true,"href":"https:\/\/linitiative.ca\/International\/wp-json\/wp\/v2\/tags?post=41587"}],"curies":[{"name":"wp","href":"https:\/\/api.w.org\/{rel}","templated":true}]}}