{"id":41589,"date":"2019-06-19T17:14:20","date_gmt":"2019-06-19T21:14:20","guid":{"rendered":"https:\/\/linitiative.ca\/International\/tournoi-de-majorque-ons-jabeur-eliminee-faute-de-blessure\/"},"modified":"2019-06-19T17:14:20","modified_gmt":"2019-06-19T21:14:20","slug":"tournoi-de-majorque-ons-jabeur-eliminee-faute-de-blessure","status":"publish","type":"post","link":"https:\/\/linitiative.ca\/International\/tournoi-de-majorque-ons-jabeur-eliminee-faute-de-blessure\/","title":{"rendered":"Tournoi de Majorque : Ons Jabeur \u00e9limin\u00e9e faute de blessure"},"content":{"rendered":"<div class=\"post-cont-in left relative\">\n<div class=\"swp_social_panel swp_horizontal_panel swp_flat_fresh swp_default_full_color swp_individual_full_color swp_other_full_color scale-100 scale-\" data-min-width=\"1100\" data-float-color=\"#ffffff\" data-float=\"none\" data-float-mobile=\"none\" data-transition=\"slide\">\n<div class=\"nc_tweetContainer swp_share_button total_shares total_sharesalt\"><span class=\"swp_count\">3 <span class=\"swp_label\">Partages<\/span><\/span><\/div>\n<\/div>\n<p><span>La joueuse tunisienne de tennis\u00a0<\/span><span>Ons<\/span><span>\u00a0<\/span><span>Jabeur<\/span><span>\u00a0a \u00e9t\u00e9 \u00e9limin\u00e9e en huiti\u00e8mes de finale du tournoi de Majorque contre l\u2019A<\/span><span>m\u00e9ricaine\u00a0<\/span><span>Sofia\u00a0<\/span><span>Kenin<\/span><span>\u00a0suite \u00e0 une<\/span><span>\u00a0blessure au deuxi\u00e8me set.<\/span><\/p>\n<p><span>Jabeur<\/span><span>\u00a0a perdu le premier set 2-6, a \u00e9t\u00e9 men\u00e9e au deuxi\u00e8me set 0-2 avant d\u2019abandonner le match.<\/span><br \/><span>La joueuse tunisienne, 63\u00e8me mondiale, s\u2019\u00e9tait qualifi\u00e9e pour le deuxi\u00e8me tour en s\u2019imposant mardi devant la slov\u00e8ne\u00a0<\/span><span>Kaja<\/span><span>\u00a0<\/span><span>Juvan<\/span><span>\u00a0(129e mondiale) par deux sets \u00e0 z\u00e9ro 7-5, 7-6.<\/span><span>\u00a0<\/span><\/p>\n<div class=\"code-block code-block-1 c3\"><ins class=\"adsbygoogle c2\" data-ad-layout=\"in-article\" data-ad-format=\"fluid\" data-ad-client=\"ca-pub-2102118777505746\" data-ad-slot=\"7301775417\"\/> <\/div>\n<div class=\"mvp-org-wrap mvp-org-logo\" itemprop=\"publisher\" itemscope=\"\" itemtype=\"https:\/\/schema.org\/Organization\"><img decoding=\"async\" src=\"https:\/\/www.tunisienumerique.com\/wp-content\/uploads\/2017\/02\/logo_tunisie_numerique.png\"\/><\/div>\n<div class=\"swp_social_panel swp_horizontal_panel swp_flat_fresh swp_default_full_color swp_individual_full_color swp_other_full_color scale-100 scale-\" data-min-width=\"1100\" data-float-color=\"#ffffff\" data-float=\"none\" data-float-mobile=\"none\" data-transition=\"slide\">\n<div class=\"nc_tweetContainer swp_share_button total_shares total_sharesalt\"><span class=\"swp_count\">3 <span class=\"swp_label\">Partages<\/span><\/span><\/div>\n<\/div>\n<div class=\"mvp-related-posts left relative\">\n<h4 class=\"post-header\"><span class=\"post-header\">Lire aussi<\/span><\/h4>\n<\/div>\n<\/div>\n<p>Auteur:<br \/>\n<a href=\"https:\/\/www.tunisienumerique.com\/tournoi-de-majorque-ons-jabeur-eliminee-faute-de-blessure\/\">Cliquez ici pour lire l&rsquo;article depuis sa source.<\/a><\/p>\n","protected":false},"excerpt":{"rendered":"<p>3 Partages La joueuse tunisienne de tennis\u00a0Ons\u00a0Jabeur\u00a0a \u00e9t\u00e9 \u00e9limin\u00e9e en huiti\u00e8mes de finale du tournoi de Majorque contre l\u2019Am\u00e9ricaine\u00a0Sofia\u00a0Kenin\u00a0suite \u00e0 une\u00a0blessure au deuxi\u00e8me set. Jabeur\u00a0a perdu le premier set 2-6, a \u00e9t\u00e9 men\u00e9e au deuxi\u00e8me set 0-2 avant d\u2019abandonner le match.La joueuse tunisienne, 63\u00e8me mondiale, s\u2019\u00e9tait qualifi\u00e9e pour le deuxi\u00e8me tour en s\u2019imposant mardi devant [&hellip;]<\/p>\n","protected":false},"author":1789,"featured_media":41590,"comment_status":"closed","ping_status":"closed","sticky":false,"template":"","format":"standard","meta":{"fifu_image_url":"","fifu_image_alt":"","footnotes":""},"categories":[73,55],"tags":[],"class_list":["post-41589","post","type-post","status-publish","format-standard","has-post-thumbnail","hentry","category-actualite","category-tunisie"],"_links":{"self":[{"href":"https:\/\/linitiative.ca\/International\/wp-json\/wp\/v2\/posts\/41589","targetHints":{"allow":["GET"]}}],"collection":[{"href":"https:\/\/linitiative.ca\/International\/wp-json\/wp\/v2\/posts"}],"about":[{"href":"https:\/\/linitiative.ca\/International\/wp-json\/wp\/v2\/types\/post"}],"author":[{"embeddable":true,"href":"https:\/\/linitiative.ca\/International\/wp-json\/wp\/v2\/users\/1789"}],"replies":[{"embeddable":true,"href":"https:\/\/linitiative.ca\/International\/wp-json\/wp\/v2\/comments?post=41589"}],"version-history":[{"count":0,"href":"https:\/\/linitiative.ca\/International\/wp-json\/wp\/v2\/posts\/41589\/revisions"}],"wp:featuredmedia":[{"embeddable":true,"href":"https:\/\/linitiative.ca\/International\/wp-json\/"}],"wp:attachment":[{"href":"https:\/\/linitiative.ca\/International\/wp-json\/wp\/v2\/media?parent=41589"}],"wp:term":[{"taxonomy":"category","embeddable":true,"href":"https:\/\/linitiative.ca\/International\/wp-json\/wp\/v2\/categories?post=41589"},{"taxonomy":"post_tag","embeddable":true,"href":"https:\/\/linitiative.ca\/International\/wp-json\/wp\/v2\/tags?post=41589"}],"curies":[{"name":"wp","href":"https:\/\/api.w.org\/{rel}","templated":true}]}}