{"id":41591,"date":"2019-06-19T16:06:56","date_gmt":"2019-06-19T20:06:56","guid":{"rendered":"https:\/\/linitiative.ca\/International\/refus-de-la-junte-militaire-au-pouvoir-de-livrer-el-bechir-a-la-cpi\/"},"modified":"2019-06-19T16:06:56","modified_gmt":"2019-06-19T20:06:56","slug":"refus-de-la-junte-militaire-au-pouvoir-de-livrer-el-bechir-a-la-cpi","status":"publish","type":"post","link":"https:\/\/linitiative.ca\/International\/refus-de-la-junte-militaire-au-pouvoir-de-livrer-el-bechir-a-la-cpi\/","title":{"rendered":"REFUS DE LA JUNTE MILITAIRE AU POUVOIR DE LIVRER EL BECHIR A LA CPI"},"content":{"rendered":"<div class=\"stream-item stream-item-above-post-content\">\n<p><noscript><\/p>\n<p><a href=\"\/\/www3.smartadserver.com\/ac?jump=1&#038;nwid=2136&#038;siteid=240610&#038;pgname=rg&#038;fmtid=49046&#038;visit=m&#038;tmstp=[timestamp]&#038;out=nonrich\" target=\"_blank\" rel=\"noopener noreferrer\"><img decoding=\"async\" src=\"\/\/www3.smartadserver.com\/ac?out=nonrich&#038;nwid=2136&#038;siteid=240610&#038;pgname=rg&#038;fmtid=49046&#038;visit=m&#038;tmstp=[timestamp]\" border=\"0\" alt=\"\"\/><\/a><\/p>\n<p><\/noscript><\/div>\n<p class=\"c3\"><em>R\u00e9cemment, l&rsquo;ex-pr\u00e9sident soudanais, Omar el-B\u00e9chir, a \u00e9t\u00e9 d\u00e9f\u00e9r\u00e9 au parquet en charge des affaires de corruption \u00e0 Khartoum. C\u2019\u00e9tait sa premi\u00e8re apparition publique depuis sa destitution par l&rsquo;arm\u00e9e, en avril dernier, sous la pression populaire. La Justice soudanaise l\u2019accuse \u00ab\u00a0d\u2019avoir poss\u00e9d\u00e9 des devises \u00e9trang\u00e8res, acquis des richesses de fa\u00e7on suspecte et ill\u00e9gale et ordonn\u00e9 l&rsquo;\u00e9tat d&rsquo;urgence\u00a0\u00bb. Celui-l\u00e0 m\u00eame qui avait rendu ill\u00e9gale la possession, sur le territoire soudanais, de l&rsquo;\u00e9quivalent de plus de 5.000 dollars en devises dans le sillage de l\u2019\u00e9tat d\u2019urgence, aurait, pour ainsi dire, menti voire fait un doigt d\u2019honneur au peuple en stockant en sa r\u00e9sidence, l\u2019\u00e9quivalent de plus de 113 millions de dollars. Mais le pr\u00e9sident d\u00e9chu du Soudan devra davantage sa descente aux enfers aux poursuites \u00e0 son encontre, pour \u00ab\u00a0les meurtres de manifestants durant la r\u00e9pression de la contestation\u00a0\u00bb. Evidemment, ces chefs d\u2019accusation font l\u2019affaire voire le miel de la junte militaire au pouvoir qui n\u2019avait pas h\u00e9sit\u00e9 \u00e0 sacrifier l\u2019homme \u00e0 l\u2019\u00e9ternel turban, sur l\u2019autel de sa survie politique. Quid d\u2019une affaire encore plus sombre et bien plus grave, pour laquelle Omar el-B\u00e9chir est vis\u00e9, qui lui vaut d\u2019\u00eatre wanted par la Cour p\u00e9nale internationale (CPI) qui veut le voir r\u00e9pondre de \u00ab\u00a0g\u00e9nocide, crimes contre l&rsquo;humanit\u00e9 et crimes de guerre pour le conflit au Darfour (Ouest)\u00a0\u00bb, qui aura fait pr\u00e8s de 300.000 morts, selon l&rsquo;ONU\u00a0? Sur cette affaire, les militaires au pouvoir ont \u00e9t\u00e9 sans \u00e9quivoque : pas question de remettre l\u2019autocrate d\u00e9chu au tribunal international. La marque d\u2019une empathie \u00e0 l\u2019\u00e9gard d\u2019un ancien fr\u00e8re d\u2019armes \u00e0 qui tous ou presque doivent leur ascension sociale mais dont ils n\u2019auront pourtant pas h\u00e9sit\u00e9 \u00e0 se d\u00e9barrasser au plus fort de la contestation\u00a0? N\u2019y pensez m\u00eame pas.<\/em><\/p>\n<p><strong>Le Conseil militaire de transition semble vouloir jouer la montre<\/strong><\/p>\n<p class=\"c3\"><em>Le refus des militaires au pouvoir, de livrer Omar el-B\u00e9chir, ne peut s\u2019expliquer autrement que par sa peur bleue de s\u2019exposer, en cas de comparution de l\u2019ex-homme fort du Soudan, devant cette juridiction internationale, qui se ferait un plaisir exquis de tout d\u00e9baller pour\u2026 ne pas couler seul. Ce qui, pour le g\u00e9n\u00e9ral Abdel Fattah al-Burhane et compagnie, \u00e9videmment, reviendrait \u00e0 se faire hara-kiri. A l\u2019inverse, le Conseil militaire de transition peut \u00eatre assur\u00e9 de ne pas \u00eatre inqui\u00e9t\u00e9 tant qu\u2019il aura pour alli\u00e9s, des juges locaux de service pour faire rendre gorge \u00e0 l\u2019ex-dirigeant soudanais \u00e0 propos de tous les crimes \u00e9conomiques et de sang, \u00e0 l\u2019exception de la trag\u00e9die du Darfour dans laquelle elle aura \u00e9t\u00e9 mouill\u00e9e jusqu\u2019aux\u2026 galons. Ce faisant, c\u2019est un tr\u00e8s mauvais pr\u00e9sage pour le Soudan.<\/em><br \/><em>Pour autant que l\u2019ex-pr\u00e9sident soudanais porte l\u2019enti\u00e8re responsabilit\u00e9 des crimes de sang dont on veut lui faire porter le\u2026 turban, et pour autant que la junte n\u2019ait rien \u00e0 se reprocher, qu\u2019est-ce qui l\u2019emp\u00eache d\u2019exp\u00e9dier le colis \u00e0 la CPI qui n\u2019a du reste jamais cess\u00e9 d\u2019en faire la demande ? Avancer, comme la Junte au pouvoir l\u2019a r\u00e9cemment laiss\u00e9 entendre, que ce sera au nouveau gouvernement qui se mettra en place, de d\u00e9cider ou non, du transf\u00e8rement de El-B\u00e9chir \u00e0 La Haye, rel\u00e8ve, en r\u00e9alit\u00e9, de la fuite en avant ou tout simplement d\u2019un Ponce Pilatisme naus\u00e9eux. Face \u00e0 des voix qui s\u2019\u00e9l\u00e8vent et qui sont plut\u00f4t favorables \u00e0 ce que l\u2019ex-dirigeant soudanais soit jug\u00e9 par cette Cour pour garantir un minimum de transparence et d\u2019impartialit\u00e9 au proc\u00e8s, le Conseil militaire de transition semble vouloir jouer la montre. C\u2019est de bonne guerre\u00a0; il n\u2019a pas int\u00e9r\u00eat \u00e0 se tirer une balle dans le pied d\u2019autant que parmi les membres de la nomenklatura actuelle, figurent des personnalit\u00e9s au pass\u00e9 pour le moins sombre, qui auraient activement contribu\u00e9 au massacre du Darfour. En mai 2007, la CPI n\u2019a-t-elle pas lanc\u00e9 deux mandats d\u2019arr\u00eats internationaux contre deux Soudanais accus\u00e9s de crimes de guerre et de crimes contre l\u2019humanit\u00e9, en l\u2019occurrence Ahmed Haroun, ancien ministre de l\u2019Int\u00e9rieur, et Ali Kosheib, l\u2019un des principaux chefs des milices janjawid\u00a0? En toute impunit\u00e9, certaines de ces ex-milices soutenues et financ\u00e9es, \u00e0 l\u2019\u00e9poque, par le gouvernement de Khartoum, continuent d\u2019arpenter les arcanes du pouvoir kaki ou de b\u00e9n\u00e9ficier de sa protection.<\/em><\/p>\n<p><strong>Cheick Beldh\u2019or SIGUE<\/strong><\/p>\n<p>Auteur: Le Pays<br \/>\n<a href=\"http:\/\/lepays.bf\/refus-de-la-junte-militaire-au-pouvoir-de-livrer-el-bechir-a-la-cpi\/\">Cliquez ici pour lire l&rsquo;article depuis sa source.<\/a><\/p>\n","protected":false},"excerpt":{"rendered":"<p>R\u00e9cemment, l&rsquo;ex-pr\u00e9sident soudanais, Omar el-B\u00e9chir, a \u00e9t\u00e9 d\u00e9f\u00e9r\u00e9 au parquet en charge des affaires de corruption \u00e0 Khartoum. C\u2019\u00e9tait sa premi\u00e8re apparition publique depuis sa destitution par l&rsquo;arm\u00e9e, en avril dernier, sous la pression populaire. La Justice soudanaise l\u2019accuse \u00ab\u00a0d\u2019avoir poss\u00e9d\u00e9 des devises \u00e9trang\u00e8res, acquis des richesses de fa\u00e7on suspecte et ill\u00e9gale et ordonn\u00e9 l&rsquo;\u00e9tat [&hellip;]<\/p>\n","protected":false},"author":1813,"featured_media":0,"comment_status":"closed","ping_status":"closed","sticky":false,"template":"","format":"standard","meta":{"fifu_image_url":"","fifu_image_alt":"","footnotes":""},"categories":[73,81],"tags":[],"class_list":["post-41591","post","type-post","status-publish","format-standard","hentry","category-actualite","category-burkina-faso"],"_links":{"self":[{"href":"https:\/\/linitiative.ca\/International\/wp-json\/wp\/v2\/posts\/41591","targetHints":{"allow":["GET"]}}],"collection":[{"href":"https:\/\/linitiative.ca\/International\/wp-json\/wp\/v2\/posts"}],"about":[{"href":"https:\/\/linitiative.ca\/International\/wp-json\/wp\/v2\/types\/post"}],"author":[{"embeddable":true,"href":"https:\/\/linitiative.ca\/International\/wp-json\/wp\/v2\/users\/1813"}],"replies":[{"embeddable":true,"href":"https:\/\/linitiative.ca\/International\/wp-json\/wp\/v2\/comments?post=41591"}],"version-history":[{"count":0,"href":"https:\/\/linitiative.ca\/International\/wp-json\/wp\/v2\/posts\/41591\/revisions"}],"wp:attachment":[{"href":"https:\/\/linitiative.ca\/International\/wp-json\/wp\/v2\/media?parent=41591"}],"wp:term":[{"taxonomy":"category","embeddable":true,"href":"https:\/\/linitiative.ca\/International\/wp-json\/wp\/v2\/categories?post=41591"},{"taxonomy":"post_tag","embeddable":true,"href":"https:\/\/linitiative.ca\/International\/wp-json\/wp\/v2\/tags?post=41591"}],"curies":[{"name":"wp","href":"https:\/\/api.w.org\/{rel}","templated":true}]}}