{"id":41600,"date":"2019-06-19T17:40:14","date_gmt":"2019-06-19T21:40:14","guid":{"rendered":"https:\/\/linitiative.ca\/International\/libre-circulation-des-personnes-et-des-biens-la-task-force-de-la-cedeao-rend-compte-au-president-du-faso\/"},"modified":"2019-06-19T17:40:14","modified_gmt":"2019-06-19T21:40:14","slug":"libre-circulation-des-personnes-et-des-biens-la-task-force-de-la-cedeao-rend-compte-au-president-du-faso","status":"publish","type":"post","link":"https:\/\/linitiative.ca\/International\/libre-circulation-des-personnes-et-des-biens-la-task-force-de-la-cedeao-rend-compte-au-president-du-faso\/","title":{"rendered":"Libre circulation des personnes et des biens : la Task-force de la CEDEAO rend compte  au pr\u00e9sident du Faso"},"content":{"rendered":"<div class=\"td-post-featured-image\"><a href=\"https:\/\/i1.wp.com\/www.sidwaya.info\/wp-content\/uploads\/2019\/06\/1-39.jpg?fit=787%2C524&#038;ssl=1\" data-caption=\"\"><img loading=\"lazy\" decoding=\"async\" width=\"696\" height=\"463\" class=\"entry-thumb td-modal-image\" src=\"https:\/\/i1.wp.com\/www.sidwaya.info\/wp-content\/uploads\/2019\/06\/1-39.jpg?resize=696%2C463&#038;ssl=1\" srcset=\"https:\/\/i1.wp.com\/www.sidwaya.info\/wp-content\/uploads\/2019\/06\/1-39.jpg?w=787&#038;ssl=1 787w, https:\/\/i1.wp.com\/www.sidwaya.info\/wp-content\/uploads\/2019\/06\/1-39.jpg?resize=300%2C200&#038;ssl=1 300w, https:\/\/i1.wp.com\/www.sidwaya.info\/wp-content\/uploads\/2019\/06\/1-39.jpg?resize=768%2C511&#038;ssl=1 768w, https:\/\/i1.wp.com\/www.sidwaya.info\/wp-content\/uploads\/2019\/06\/1-39.jpg?resize=696%2C463&#038;ssl=1 696w, https:\/\/i1.wp.com\/www.sidwaya.info\/wp-content\/uploads\/2019\/06\/1-39.jpg?resize=631%2C420&#038;ssl=1 631w\" sizes=\"auto, (max-width: 696px) 100vw, 696px\" alt=\"\" title=\"1\"\/><\/a><\/div>\n<p><strong>Le Pr\u00e9sident du Faso, Roch Marc Christian Kabor\u00e9, a re\u00e7u en audience, le mercredi 19 juin 2019 \u00e0 Kosyam, le pr\u00e9sident de la Task-force sur le sch\u00e9ma de lib\u00e9ralisation des \u00e9changes de la CEDEAO, le g\u00e9n\u00e9ral de corps d\u2019arm\u00e9e, Salou Djibo.<\/strong><\/p>\n<p>L\u2019ancien pr\u00e9sident du Conseil supr\u00eame pour la restauration de la d\u00e9mocratie du Niger (\u00e0 la chute de Mamadou Tandja) et actuel pr\u00e9sident de la Task-force sur le sch\u00e9ma de lib\u00e9ralisation des \u00e9changes de la CEDEAO, Salou Djibo, \u00e9tait dans les locaux de la pr\u00e9sidence du Faso, le mercredi 19 juin 2019. Re\u00e7u en audience par le chef de l\u2019Etat, Roch Marc Christian Kabor\u00e9, Salou Djibo dit avoir officiellement remis au pr\u00e9sident Kabor\u00e9, le rapport de la Task-force de la CEDEAO dont la mission est d\u2019assurer l\u2019effectivit\u00e9 de la libre circulation des personnes et des biens dans l\u2019espace communautaire.<\/p>\n<p>\u00abLe pr\u00e9sident du Faso a \u00e9t\u00e9 choisi par ses pairs pour le suivi de la mise en \u0153uvre des protocoles sur la libre circulation des personnes, des biens et sur le droit de r\u00e9sidence et d\u2019\u00e9tablissement\u00bb, a-t-il pr\u00e9cis\u00e9. Et d\u2019ajouter que la d\u00e9l\u00e9gation qu\u2019il a conduite a \u00e9galement remis au pr\u00e9sident Kabor\u00e9, les relev\u00e9s de conclusions d\u2019une r\u00e9union, tenue le 3 juin 2019 \u00e0 Ouagadougou. Cette rencontre avait r\u00e9uni le Burkina Faso, la commission de la CEDEAO et la Task-force sur le sch\u00e9ma de lib\u00e9ralisation des \u00e9changes dans l\u2019espace communautaire. A l\u2019issue de cette r\u00e9union, a fait savoir M. Djibo, trois principales recommandations ont \u00e9t\u00e9 adress\u00e9es au chef de l\u2019Etat burkinab\u00e8. \u00abLe pr\u00e9sident du Faso doit adresser une correspondance \u00e0 ses pairs pour les informer de la n\u00e9cessit\u00e9 de prendre des mesures idoines pour mettre fin aux barri\u00e8res, au commerce intrar\u00e9gional identifi\u00e9 par la Task-force dans les Etats respectifs. Il doit aussi adresser une lettre de f\u00e9licitations \u00e0 son homologue du B\u00e9nin pour avoir rendu fluide le corridor et les fronti\u00e8res de son pays. Enfin, il doit s\u2019adresser \u00e0 ses pairs lors du prochain sommet de la CEDEAO pour un plaidoyer sur leur engagement \u00e0 rendre effective la mise en \u0153uvre du protocole sur la libre circulation des personnes, des biens et sur le droit de r\u00e9sidence et d\u2019\u00e9tablissement\u00bb, a-t-il fait savoir.<\/p>\n<p>A la question de savoir s\u2019il y a eu des progr\u00e8s en mati\u00e8re de libre circulation des personnes et des biens dans l\u2019espace CEDEAO, Salou Djibo a fait savoir que les lignes bougent \u00abun peu\u00bb. Par exemple au B\u00e9nin, a-t-il t\u00e9moign\u00e9, des missions de monitoring et des missions inopin\u00e9es ont constat\u00e9 que les corridors et les fronti\u00e8res sont fluides. \u00abMais dans les autres Etats, les perceptions illicites continuent\u00bb, a-t-il regrett\u00e9.<\/p>\n<p class=\"c1\"><strong>Jean-Marie TOE<\/strong><\/p>\n<p>Auteur: DD. Sidwaya<br \/>\n<a href=\"https:\/\/www.sidwaya.info\/blog\/2019\/06\/19\/libre-circulation-des-personnes-et-des-biens-la-task-force-de-la-cedeao-rend-compte-au-president-du-faso\/\">Cliquez ici pour lire l&rsquo;article depuis sa source.<\/a><\/p>\n","protected":false},"excerpt":{"rendered":"<p>Le Pr\u00e9sident du Faso, Roch Marc Christian Kabor\u00e9, a re\u00e7u en audience, le mercredi 19 juin 2019 \u00e0 Kosyam, le pr\u00e9sident de la Task-force sur le sch\u00e9ma de lib\u00e9ralisation des \u00e9changes de la CEDEAO, le g\u00e9n\u00e9ral de corps d\u2019arm\u00e9e, Salou Djibo. L\u2019ancien pr\u00e9sident du Conseil supr\u00eame pour la restauration de la d\u00e9mocratie du Niger (\u00e0 [&hellip;]<\/p>\n","protected":false},"author":1816,"featured_media":0,"comment_status":"closed","ping_status":"closed","sticky":false,"template":"","format":"standard","meta":{"fifu_image_url":"","fifu_image_alt":"","footnotes":""},"categories":[73,81],"tags":[],"class_list":["post-41600","post","type-post","status-publish","format-standard","hentry","category-actualite","category-burkina-faso"],"_links":{"self":[{"href":"https:\/\/linitiative.ca\/International\/wp-json\/wp\/v2\/posts\/41600","targetHints":{"allow":["GET"]}}],"collection":[{"href":"https:\/\/linitiative.ca\/International\/wp-json\/wp\/v2\/posts"}],"about":[{"href":"https:\/\/linitiative.ca\/International\/wp-json\/wp\/v2\/types\/post"}],"author":[{"embeddable":true,"href":"https:\/\/linitiative.ca\/International\/wp-json\/wp\/v2\/users\/1816"}],"replies":[{"embeddable":true,"href":"https:\/\/linitiative.ca\/International\/wp-json\/wp\/v2\/comments?post=41600"}],"version-history":[{"count":0,"href":"https:\/\/linitiative.ca\/International\/wp-json\/wp\/v2\/posts\/41600\/revisions"}],"wp:attachment":[{"href":"https:\/\/linitiative.ca\/International\/wp-json\/wp\/v2\/media?parent=41600"}],"wp:term":[{"taxonomy":"category","embeddable":true,"href":"https:\/\/linitiative.ca\/International\/wp-json\/wp\/v2\/categories?post=41600"},{"taxonomy":"post_tag","embeddable":true,"href":"https:\/\/linitiative.ca\/International\/wp-json\/wp\/v2\/tags?post=41600"}],"curies":[{"name":"wp","href":"https:\/\/api.w.org\/{rel}","templated":true}]}}