{"id":41602,"date":"2019-06-19T14:18:03","date_gmt":"2019-06-19T18:18:03","guid":{"rendered":"https:\/\/linitiative.ca\/International\/demarrage-de-la-cmu-ouattara-et-ses-ministres-recoivent-leur-carte-dassures\/"},"modified":"2019-06-19T14:18:03","modified_gmt":"2019-06-19T18:18:03","slug":"demarrage-de-la-cmu-ouattara-et-ses-ministres-recoivent-leur-carte-dassures","status":"publish","type":"post","link":"https:\/\/linitiative.ca\/International\/demarrage-de-la-cmu-ouattara-et-ses-ministres-recoivent-leur-carte-dassures\/","title":{"rendered":"D\u00e9marrage de la CMU: Ouattara et ses ministres re\u00e7oivent leur carte d\u2019assur\u00e9s"},"content":{"rendered":"<div readability=\"32\">\n<p>Publi\u00e9 le 19.06.2019 \u00e0 19h18 par APA News<\/p>\n<\/div>\n<div readability=\"57\">\n<p>Le pr\u00e9sident ivoirien Alassane Ouattara et ses ministres ont re\u00e7u, mercredi \u00e0 Abidjan, leurs cartes d\u2019assur\u00e9s de la Couverture maladie universelle (CMU) en pr\u00e9lude aux cotisations et prestations qui d\u00e9marrent respectivement le 1er juillet et le 1er octobre prochains, a appris APA de source officielle dans la capitale \u00e9conomique ivoirienne.\u00ab Le pr\u00e9sident Alassane Ouattara et son \u00e9pouse, de m\u00eame que le vice-pr\u00e9sident de la R\u00e9publique, le premier ministre et les membres du gouvernement ont re\u00e7u leur carte d\u2019assur\u00e9s de la Couverture maladie universelle\u00bb, a \u00a0annonc\u00e9 Sidi Ti\u00e9moko Tour\u00e9, le porte-parole du gouvernement, par ailleurs, ministre de la communication et des m\u00e9dias, \u00a0au terme d\u2019un Conseil des ministres pr\u00e9sid\u00e9 par le pr\u00e9sident Alassane Ouattara.\u00a0<\/p>\n<p>\u00ab Les cotisations pour la CMU d\u00e9marrent effectivement le 1er juillet 2019 et les prestations le 1er octobre 2019\u00bb, a rappel\u00e9 M. Tour\u00e9 invitant tous les \u00ab assujettis \u00e0 avoir leur carte de la CMU pour contribuer \u00e0 la solidarit\u00e9 nationale\u00bb. Le porte-parole du gouvernement ivoirien a assur\u00e9 que l\u2019\u00c9tat mettra tout en oeuvre que la CMU soit op\u00e9rationnelle \u00e0 la date indiqu\u00e9e.<\/p>\n<p>\u00a0 La Couverture maladie universelle se veut une assurance sociale qui prend en compte le secteur formel et informel. Les soins de la CMU se font dans les centres de sant\u00e9 conventionn\u00e9s. L\u2019assur\u00e9 paie un ticket mod\u00e9rateur de 30% et l\u2019assurance le reste \u00e0 hauteur de 70%. Quant \u00e0 la cotisation, elle s\u2019\u00e9l\u00e8ve \u00e0 1000 FCFA par mois et par individu.<\/p>\n<\/div>\n<p>Auteur: APA News<br \/>\n<a href=\"https:\/\/www.journalducameroun.com\/demarrage-de-la-cmu-ouattara-et-ses-ministres-recoivent-leur-carte-dassures\/\">Cliquez ici pour lire l&rsquo;article depuis sa source.<\/a><\/p>\n","protected":false},"excerpt":{"rendered":"<p>Publi\u00e9 le 19.06.2019 \u00e0 19h18 par APA News Le pr\u00e9sident ivoirien Alassane Ouattara et ses ministres ont re\u00e7u, mercredi \u00e0 Abidjan, leurs cartes d\u2019assur\u00e9s de la Couverture maladie universelle (CMU) en pr\u00e9lude aux cotisations et prestations qui d\u00e9marrent respectivement le 1er juillet et le 1er octobre prochains, a appris APA de source officielle dans la [&hellip;]<\/p>\n","protected":false},"author":1965,"featured_media":0,"comment_status":"closed","ping_status":"closed","sticky":false,"template":"","format":"standard","meta":{"fifu_image_url":"","fifu_image_alt":"","footnotes":""},"categories":[73,82],"tags":[],"class_list":["post-41602","post","type-post","status-publish","format-standard","hentry","category-actualite","category-cameroun"],"_links":{"self":[{"href":"https:\/\/linitiative.ca\/International\/wp-json\/wp\/v2\/posts\/41602","targetHints":{"allow":["GET"]}}],"collection":[{"href":"https:\/\/linitiative.ca\/International\/wp-json\/wp\/v2\/posts"}],"about":[{"href":"https:\/\/linitiative.ca\/International\/wp-json\/wp\/v2\/types\/post"}],"author":[{"embeddable":true,"href":"https:\/\/linitiative.ca\/International\/wp-json\/wp\/v2\/users\/1965"}],"replies":[{"embeddable":true,"href":"https:\/\/linitiative.ca\/International\/wp-json\/wp\/v2\/comments?post=41602"}],"version-history":[{"count":0,"href":"https:\/\/linitiative.ca\/International\/wp-json\/wp\/v2\/posts\/41602\/revisions"}],"wp:attachment":[{"href":"https:\/\/linitiative.ca\/International\/wp-json\/wp\/v2\/media?parent=41602"}],"wp:term":[{"taxonomy":"category","embeddable":true,"href":"https:\/\/linitiative.ca\/International\/wp-json\/wp\/v2\/categories?post=41602"},{"taxonomy":"post_tag","embeddable":true,"href":"https:\/\/linitiative.ca\/International\/wp-json\/wp\/v2\/tags?post=41602"}],"curies":[{"name":"wp","href":"https:\/\/api.w.org\/{rel}","templated":true}]}}