{"id":41603,"date":"2019-06-19T14:18:06","date_gmt":"2019-06-19T18:18:06","guid":{"rendered":"https:\/\/linitiative.ca\/International\/25-des-congolais-atteints-de-la-drepanocytose-ministere\/"},"modified":"2019-06-19T14:18:06","modified_gmt":"2019-06-19T18:18:06","slug":"25-des-congolais-atteints-de-la-drepanocytose-ministere","status":"publish","type":"post","link":"https:\/\/linitiative.ca\/International\/25-des-congolais-atteints-de-la-drepanocytose-ministere\/","title":{"rendered":"25% des Congolais atteints de la dr\u00e9panocytose (minist\u00e8re)"},"content":{"rendered":"<div readability=\"32\">\n<p>Publi\u00e9 le 19.06.2019 \u00e0 19h18 par APA News<\/p>\n<\/div>\n<div readability=\"44\">\n<p>Vingt-cinq pour cent des Congolais sont atteints de la dr\u00e9panocytose, selon les statistiques du minist\u00e8re congolais de la Sant\u00e9 rendus publiques, mercredi \u00e0 Brazzaville, \u00e0 l\u2019occasion de la c\u00e9l\u00e9bration de la journ\u00e9e mondiale de lutte contre cette pathologie.Selon le minist\u00e8re de la sant\u00e9, \u00ab 25% des Congolais sont touch\u00e9s par la dr\u00e9panocytose dans sa forme partielle et deux enfants sur cent sont atteints de sa forme totale \u00bb.<\/p>\n<p>\u00ab Plus de 50 mille personnes (enfants et adultes) vivent sous cette forme totale, tr\u00e8s symptomatique avec un risque \u00e9lev\u00e9 de mortalit\u00e9 durant la p\u00e9riode infantile \u00bb, a pr\u00e9cis\u00e9 notre source.<\/p>\n<\/div>\n<p>Auteur: APA News<br \/>\n<a href=\"https:\/\/www.journalducameroun.com\/25-des-congolais-atteints-de-la-drepanocytose-ministere\/\">Cliquez ici pour lire l&rsquo;article depuis sa source.<\/a><\/p>\n","protected":false},"excerpt":{"rendered":"<p>Publi\u00e9 le 19.06.2019 \u00e0 19h18 par APA News Vingt-cinq pour cent des Congolais sont atteints de la dr\u00e9panocytose, selon les statistiques du minist\u00e8re congolais de la Sant\u00e9 rendus publiques, mercredi \u00e0 Brazzaville, \u00e0 l\u2019occasion de la c\u00e9l\u00e9bration de la journ\u00e9e mondiale de lutte contre cette pathologie.Selon le minist\u00e8re de la sant\u00e9, \u00ab 25% des Congolais [&hellip;]<\/p>\n","protected":false},"author":1965,"featured_media":0,"comment_status":"closed","ping_status":"closed","sticky":false,"template":"","format":"standard","meta":{"fifu_image_url":"","fifu_image_alt":"","footnotes":""},"categories":[73,82],"tags":[],"class_list":["post-41603","post","type-post","status-publish","format-standard","hentry","category-actualite","category-cameroun"],"_links":{"self":[{"href":"https:\/\/linitiative.ca\/International\/wp-json\/wp\/v2\/posts\/41603","targetHints":{"allow":["GET"]}}],"collection":[{"href":"https:\/\/linitiative.ca\/International\/wp-json\/wp\/v2\/posts"}],"about":[{"href":"https:\/\/linitiative.ca\/International\/wp-json\/wp\/v2\/types\/post"}],"author":[{"embeddable":true,"href":"https:\/\/linitiative.ca\/International\/wp-json\/wp\/v2\/users\/1965"}],"replies":[{"embeddable":true,"href":"https:\/\/linitiative.ca\/International\/wp-json\/wp\/v2\/comments?post=41603"}],"version-history":[{"count":0,"href":"https:\/\/linitiative.ca\/International\/wp-json\/wp\/v2\/posts\/41603\/revisions"}],"wp:attachment":[{"href":"https:\/\/linitiative.ca\/International\/wp-json\/wp\/v2\/media?parent=41603"}],"wp:term":[{"taxonomy":"category","embeddable":true,"href":"https:\/\/linitiative.ca\/International\/wp-json\/wp\/v2\/categories?post=41603"},{"taxonomy":"post_tag","embeddable":true,"href":"https:\/\/linitiative.ca\/International\/wp-json\/wp\/v2\/tags?post=41603"}],"curies":[{"name":"wp","href":"https:\/\/api.w.org\/{rel}","templated":true}]}}