{"id":41604,"date":"2019-06-19T14:18:09","date_gmt":"2019-06-19T18:18:09","guid":{"rendered":"https:\/\/linitiative.ca\/International\/pm-en-gbissau-le-president-vaz-recuse-domingos-simoes-pereira\/"},"modified":"2019-06-19T14:18:09","modified_gmt":"2019-06-19T18:18:09","slug":"pm-en-gbissau-le-president-vaz-recuse-domingos-simoes-pereira","status":"publish","type":"post","link":"https:\/\/linitiative.ca\/International\/pm-en-gbissau-le-president-vaz-recuse-domingos-simoes-pereira\/","title":{"rendered":"PM en G\u2019Bissau : le pr\u00e9sident Vaz r\u00e9cuse Domingos Sim\u00f5es Pereira"},"content":{"rendered":"<div readability=\"32\">\n<p>Publi\u00e9 le 19.06.2019 \u00e0 19h18 par APA News<\/p>\n<\/div>\n<div readability=\"60\">\n<p>Le pr\u00e9sident de la Guin\u00e9e Bissau, Jos\u00e9 M\u00e1rio Vaz a refus\u00e9 de nommer au poste de Premier ministre, Domingos Sim\u00f5es Pereira propos\u00e9 par le Parti africain pour l\u2019ind\u00e9pendance de la Guin\u00e9e Bissau et du Cap-Vert (PAIGC), vainqueur des l\u00e9gislatives du 10 mars 2019.\u00ab Je refuse la proposition de votre parti (PAIGC) portant sur la nomination du Premier ministre. Par cons\u00e9quent, \u00e9tant donn\u00e9 que votre parti d\u00e9tient la majorit\u00e9 \u00e0 l\u2019Assembl\u00e9e nationale populaire, je vous demande de proposer une autre personne pour le poste de Premier ministre \u00bb, a dit Jos\u00e9 M\u00e1rio Vaz dans une lettre dat\u00e9e du 18 juin et adress\u00e9e au PAIGC.<\/p>\n<p>Dans cette correspondance dont APA a obtenu une copie mercredi, le chef de l\u2019Etat a rejet\u00e9 le nom de Domingos Sim\u00f5es Pereira, sans toutefois justifier sa d\u00e9cision. \u00c9tonn\u00e9s, les dirigeants du PAIGC ont dare-dare convoqu\u00e9 une r\u00e9union du Comit\u00e9 permanent afin d\u2019analyser la situation.<\/p>\n<p>La dixi\u00e8me l\u00e9gislature de l\u2019Assembl\u00e9e nationale populaire a \u00e9t\u00e9 install\u00e9e le 18 avril 2019. Les d\u00e9put\u00e9s ont \u00e9t\u00e9 investis et l\u2019\u00e9lection du bureau a eu lieu. Les postes de pr\u00e9sident et de premier vice-pr\u00e9sident sont revenus \u00e0 deux membres du PAIGC.<\/p>\n<p>Pour l\u2019heure, des \u00e9missaires de la Communaut\u00e9 \u00e9conomique des \u00c9tats de l\u2019Afrique de l\u2019Ouest (Cedeao) dirig\u00e9s par Geoffrey Onyeama, ministre nig\u00e9rian des Affaires \u00e9trang\u00e8res, et de l\u2019Union Africaine (UA) sont actuellement en Guin\u00e9e Bissau pour soutenir ce pays dans la r\u00e9solution de sa crise politique.<\/p>\n<\/div>\n<p>Auteur: APA News<br \/>\n<a href=\"https:\/\/www.journalducameroun.com\/pm-en-gbissau-le-president-vaz-recuse-domingos-simoes-pereira\/\">Cliquez ici pour lire l&rsquo;article depuis sa source.<\/a><\/p>\n","protected":false},"excerpt":{"rendered":"<p>Publi\u00e9 le 19.06.2019 \u00e0 19h18 par APA News Le pr\u00e9sident de la Guin\u00e9e Bissau, Jos\u00e9 M\u00e1rio Vaz a refus\u00e9 de nommer au poste de Premier ministre, Domingos Sim\u00f5es Pereira propos\u00e9 par le Parti africain pour l\u2019ind\u00e9pendance de la Guin\u00e9e Bissau et du Cap-Vert (PAIGC), vainqueur des l\u00e9gislatives du 10 mars 2019.\u00ab Je refuse la proposition [&hellip;]<\/p>\n","protected":false},"author":1965,"featured_media":0,"comment_status":"closed","ping_status":"closed","sticky":false,"template":"","format":"standard","meta":{"fifu_image_url":"","fifu_image_alt":"","footnotes":""},"categories":[73,82],"tags":[],"class_list":["post-41604","post","type-post","status-publish","format-standard","hentry","category-actualite","category-cameroun"],"_links":{"self":[{"href":"https:\/\/linitiative.ca\/International\/wp-json\/wp\/v2\/posts\/41604","targetHints":{"allow":["GET"]}}],"collection":[{"href":"https:\/\/linitiative.ca\/International\/wp-json\/wp\/v2\/posts"}],"about":[{"href":"https:\/\/linitiative.ca\/International\/wp-json\/wp\/v2\/types\/post"}],"author":[{"embeddable":true,"href":"https:\/\/linitiative.ca\/International\/wp-json\/wp\/v2\/users\/1965"}],"replies":[{"embeddable":true,"href":"https:\/\/linitiative.ca\/International\/wp-json\/wp\/v2\/comments?post=41604"}],"version-history":[{"count":0,"href":"https:\/\/linitiative.ca\/International\/wp-json\/wp\/v2\/posts\/41604\/revisions"}],"wp:attachment":[{"href":"https:\/\/linitiative.ca\/International\/wp-json\/wp\/v2\/media?parent=41604"}],"wp:term":[{"taxonomy":"category","embeddable":true,"href":"https:\/\/linitiative.ca\/International\/wp-json\/wp\/v2\/categories?post=41604"},{"taxonomy":"post_tag","embeddable":true,"href":"https:\/\/linitiative.ca\/International\/wp-json\/wp\/v2\/tags?post=41604"}],"curies":[{"name":"wp","href":"https:\/\/api.w.org\/{rel}","templated":true}]}}