{"id":41605,"date":"2019-06-19T14:50:01","date_gmt":"2019-06-19T18:50:01","guid":{"rendered":"https:\/\/linitiative.ca\/International\/eta-josu-ternera-arrete-a-sa-sortie-de-prison-en-vertu-dune-demande-dextradition-espagnole\/"},"modified":"2019-06-19T14:50:01","modified_gmt":"2019-06-19T18:50:01","slug":"eta-josu-ternera-arrete-a-sa-sortie-de-prison-en-vertu-dune-demande-dextradition-espagnole","status":"publish","type":"post","link":"https:\/\/linitiative.ca\/International\/eta-josu-ternera-arrete-a-sa-sortie-de-prison-en-vertu-dune-demande-dextradition-espagnole\/","title":{"rendered":"ETA: Josu Ternera arr\u00eat\u00e9 \u00e0 sa sortie de prison en vertu d\u2019une demande d\u2019extradition espagnole"},"content":{"rendered":"<div readability=\"32\">\n<p>Publi\u00e9 le 19.06.2019 \u00e0 19h50 par AFP<\/p>\n<\/div>\n<div readability=\"46\">\n<p>L\u2019ancien leader de l\u2019ETA, Josu Ternera, qui venait d\u2019obtenir mercredi sa remise en libert\u00e9 par la justice fran\u00e7aise, a \u00e9t\u00e9 arr\u00eat\u00e9 dans la soir\u00e9e en ex\u00e9cution d\u2019une demande d\u2019extradition adress\u00e9e \u00e0 la France par la justice espagnole, a appris l\u2019AFP de sources judiciaires.<\/p>\n<p>Josu Ternera, d\u00e9tenu \u00e0 la prison de la Sant\u00e9 \u00e0 Paris apr\u00e8s son arrestation mi-mai en France apr\u00e8s plus de 16 ans de cavale, a \u00e9t\u00e9 \u00ab\u00a0plac\u00e9 en r\u00e9tention judiciaire par la Direction g\u00e9n\u00e9rale de la s\u00e9curit\u00e9 int\u00e9rieure (DGSI)\u00a0\u00bb sur instruction du parquet g\u00e9n\u00e9ral de Paris, \u00ab\u00a0suite aux pi\u00e8ces qui lui ont \u00e9t\u00e9 communiqu\u00e9es aux fins de remises aux autorit\u00e9s espagnoles\u00a0\u00bb.<\/p>\n<\/div>\n<p>Auteur: AFP<br \/>\n<a href=\"https:\/\/www.journalducameroun.com\/eta-josu-ternera-arrete-a-sa-sortie-de-prison-en-vertu-dune-demande-dextradition-espagnole\/\">Cliquez ici pour lire l&rsquo;article depuis sa source.<\/a><\/p>\n","protected":false},"excerpt":{"rendered":"<p>Publi\u00e9 le 19.06.2019 \u00e0 19h50 par AFP L\u2019ancien leader de l\u2019ETA, Josu Ternera, qui venait d\u2019obtenir mercredi sa remise en libert\u00e9 par la justice fran\u00e7aise, a \u00e9t\u00e9 arr\u00eat\u00e9 dans la soir\u00e9e en ex\u00e9cution d\u2019une demande d\u2019extradition adress\u00e9e \u00e0 la France par la justice espagnole, a appris l\u2019AFP de sources judiciaires. Josu Ternera, d\u00e9tenu \u00e0 la [&hellip;]<\/p>\n","protected":false},"author":1965,"featured_media":0,"comment_status":"closed","ping_status":"closed","sticky":false,"template":"","format":"standard","meta":{"fifu_image_url":"","fifu_image_alt":"","footnotes":""},"categories":[73,82],"tags":[],"class_list":["post-41605","post","type-post","status-publish","format-standard","hentry","category-actualite","category-cameroun"],"_links":{"self":[{"href":"https:\/\/linitiative.ca\/International\/wp-json\/wp\/v2\/posts\/41605","targetHints":{"allow":["GET"]}}],"collection":[{"href":"https:\/\/linitiative.ca\/International\/wp-json\/wp\/v2\/posts"}],"about":[{"href":"https:\/\/linitiative.ca\/International\/wp-json\/wp\/v2\/types\/post"}],"author":[{"embeddable":true,"href":"https:\/\/linitiative.ca\/International\/wp-json\/wp\/v2\/users\/1965"}],"replies":[{"embeddable":true,"href":"https:\/\/linitiative.ca\/International\/wp-json\/wp\/v2\/comments?post=41605"}],"version-history":[{"count":0,"href":"https:\/\/linitiative.ca\/International\/wp-json\/wp\/v2\/posts\/41605\/revisions"}],"wp:attachment":[{"href":"https:\/\/linitiative.ca\/International\/wp-json\/wp\/v2\/media?parent=41605"}],"wp:term":[{"taxonomy":"category","embeddable":true,"href":"https:\/\/linitiative.ca\/International\/wp-json\/wp\/v2\/categories?post=41605"},{"taxonomy":"post_tag","embeddable":true,"href":"https:\/\/linitiative.ca\/International\/wp-json\/wp\/v2\/tags?post=41605"}],"curies":[{"name":"wp","href":"https:\/\/api.w.org\/{rel}","templated":true}]}}