{"id":41606,"date":"2019-06-19T14:50:04","date_gmt":"2019-06-19T18:50:04","guid":{"rendered":"https:\/\/linitiative.ca\/International\/syrie-25-morts-dans-de-nouveaux-bombardements-du-regime-dans-la-region-didleb\/"},"modified":"2019-06-19T14:50:04","modified_gmt":"2019-06-19T18:50:04","slug":"syrie-25-morts-dans-de-nouveaux-bombardements-du-regime-dans-la-region-didleb","status":"publish","type":"post","link":"https:\/\/linitiative.ca\/International\/syrie-25-morts-dans-de-nouveaux-bombardements-du-regime-dans-la-region-didleb\/","title":{"rendered":"Syrie: 25 morts dans de nouveaux bombardements du r\u00e9gime dans la r\u00e9gion d\u2019Idleb"},"content":{"rendered":"<div readability=\"32\">\n<p>Publi\u00e9 le 19.06.2019 \u00e0 19h50 par AFP<\/p>\n<\/div>\n<div readability=\"104\">\n<p>De nouveaux bombardements des forces du r\u00e9gime syrien ont tu\u00e9 16 civils et 9 combattants mercredi dans une r\u00e9gion du nord-ouest de la Syrie en guerre, domin\u00e9e par des jihadistes, a indiqu\u00e9 l\u2019Observatoire syrien des droits humains (OSDH).<\/p>\n<p>Onze civils ont p\u00e9ri dans des frappes a\u00e9riennes du r\u00e9gime sur un village dans la r\u00e9gion de Jabal al-Zawiya, situ\u00e9e dans le sud de la province d\u2019Idleb, a rapport\u00e9 l\u2019Observatoire.<\/p>\n<p>Le bombardement a d\u00e9truit des commerces et d\u00e9chiquet\u00e9 des corps, a constat\u00e9 un photographe de l\u2019AFP qui a trouv\u00e9 des restes humains \u00e0 une centaine de m\u00e8tres du lieu touch\u00e9.<\/p>\n<p>Des secouristes \u00e9taient \u00e0 l\u2019oeuvre pour retirer les corps ensevelis sous les d\u00e9combres, de m\u00eame source.<\/p>\n<p>Quatre civils ont \u00e9t\u00e9 tu\u00e9s dans des raids a\u00e9riens sur des localit\u00e9s et villages voisins dans le sud de la province, tandis qu\u2019un civil a p\u00e9ri dans d\u2019autres frappes aux abords de la ville d\u2019Idleb, a ajout\u00e9 l\u2019OSDH.<\/p>\n<p>Dans le nord de la province voisine de Hama, des tirs de roquettes du r\u00e9gime ont tu\u00e9 9 jihadistes, au lendemain de violents affrontements ayant fait au moins 55 morts dans les deux camps dont 14 morts parmi les forces du r\u00e9gime, selon la m\u00eame source.<\/p>\n<p>Le secr\u00e9taire g\u00e9n\u00e9ral de l\u2019ONU, Antonio Guterres, s\u2019est dit mardi \u00ab\u00a0profond\u00e9ment pr\u00e9occup\u00e9 par l\u2019aggravation des combats \u00e0 Idleb\u00a0\u00bb.<\/p>\n<p>\u00ab\u00a0J\u2019appelle en particulier les garants (du processus) d\u2019Astana, et notamment la Russie et la Turquie, signataires de l\u2019accord (de d\u00e9sescalade) de septembre 2018 pour Idleb \u00e0 stabiliser la situation sans retard\u00a0\u00bb, a-t-il d\u00e9clar\u00e9.<\/p>\n<p>\u00ab\u00a0Nous sommes confront\u00e9s \u00e0 une catastrophe humanitaire\u00a0\u00bb, a pour sa part affirm\u00e9 au Conseil de s\u00e9curit\u00e9 le secr\u00e9taire g\u00e9n\u00e9ral adjoint de l\u2019ONU pour les Affaires humanitaires, Mark Lowcock.<\/p>\n<p>L\u2019accord de septembre 2018 \u00e9tait cens\u00e9 cr\u00e9er une \u00ab\u00a0zone d\u00e9militaris\u00e9e\u00a0\u00bb avec pour objectif d\u2019\u00e9viter une offensive d\u2019envergure du r\u00e9gime, mais il n\u2019a jamais \u00e9t\u00e9 appliqu\u00e9 dans son int\u00e9gralit\u00e9, les jihadistes du groupe Hayat Tahrir al-Cham (HTS) refusant de se retirer du secteur appel\u00e9 \u00e0 devenir la \u00ab\u00a0zone d\u00e9militaris\u00e9e\u00a0\u00bb.<\/p>\n<p>Le r\u00e9gime et la Russie ont intensifi\u00e9 fin avril leurs bombardements sur la r\u00e9gion d\u2019Idleb et les zones adjacentes dans les provinces d\u2019Alep, Hama et Lattaqui\u00e9, des territoires domin\u00e9s par le groupe HTS, form\u00e9 par l\u2019ex-branche syrienne d\u2019Al-Qa\u00efda.<\/p>\n<p>Selon l\u2019OSDH, les violences dans une r\u00e9gion o\u00f9 vivent environ trois millions de personnes, dont un million d\u2019enfants, ont tu\u00e9 plus de 400 civils depuis fin avril.<\/p>\n<p>D\u00e9clench\u00e9e en 2011, la guerre en Syrie a d\u00e9j\u00e0 fait plus de 370.000 morts et plusieurs millions de d\u00e9plac\u00e9s.<\/p>\n<\/div>\n<p>Auteur: AFP<br \/>\n<a href=\"https:\/\/www.journalducameroun.com\/syrie-25-morts-dans-de-nouveaux-bombardements-du-regime-dans-la-region-didleb\/\">Cliquez ici pour lire l&rsquo;article depuis sa source.<\/a><\/p>\n","protected":false},"excerpt":{"rendered":"<p>Publi\u00e9 le 19.06.2019 \u00e0 19h50 par AFP De nouveaux bombardements des forces du r\u00e9gime syrien ont tu\u00e9 16 civils et 9 combattants mercredi dans une r\u00e9gion du nord-ouest de la Syrie en guerre, domin\u00e9e par des jihadistes, a indiqu\u00e9 l\u2019Observatoire syrien des droits humains (OSDH). Onze civils ont p\u00e9ri dans des frappes a\u00e9riennes du r\u00e9gime [&hellip;]<\/p>\n","protected":false},"author":1965,"featured_media":0,"comment_status":"closed","ping_status":"closed","sticky":false,"template":"","format":"standard","meta":{"fifu_image_url":"","fifu_image_alt":"","footnotes":""},"categories":[73,82],"tags":[],"class_list":["post-41606","post","type-post","status-publish","format-standard","hentry","category-actualite","category-cameroun"],"_links":{"self":[{"href":"https:\/\/linitiative.ca\/International\/wp-json\/wp\/v2\/posts\/41606","targetHints":{"allow":["GET"]}}],"collection":[{"href":"https:\/\/linitiative.ca\/International\/wp-json\/wp\/v2\/posts"}],"about":[{"href":"https:\/\/linitiative.ca\/International\/wp-json\/wp\/v2\/types\/post"}],"author":[{"embeddable":true,"href":"https:\/\/linitiative.ca\/International\/wp-json\/wp\/v2\/users\/1965"}],"replies":[{"embeddable":true,"href":"https:\/\/linitiative.ca\/International\/wp-json\/wp\/v2\/comments?post=41606"}],"version-history":[{"count":0,"href":"https:\/\/linitiative.ca\/International\/wp-json\/wp\/v2\/posts\/41606\/revisions"}],"wp:attachment":[{"href":"https:\/\/linitiative.ca\/International\/wp-json\/wp\/v2\/media?parent=41606"}],"wp:term":[{"taxonomy":"category","embeddable":true,"href":"https:\/\/linitiative.ca\/International\/wp-json\/wp\/v2\/categories?post=41606"},{"taxonomy":"post_tag","embeddable":true,"href":"https:\/\/linitiative.ca\/International\/wp-json\/wp\/v2\/tags?post=41606"}],"curies":[{"name":"wp","href":"https:\/\/api.w.org\/{rel}","templated":true}]}}