{"id":41608,"date":"2019-06-19T14:50:08","date_gmt":"2019-06-19T18:50:08","guid":{"rendered":"https:\/\/linitiative.ca\/International\/niger-deux-policiers-tues-lors-dune-attaque-inedite-aux-portes-de-niamey\/"},"modified":"2019-06-19T14:50:08","modified_gmt":"2019-06-19T18:50:08","slug":"niger-deux-policiers-tues-lors-dune-attaque-inedite-aux-portes-de-niamey","status":"publish","type":"post","link":"https:\/\/linitiative.ca\/International\/niger-deux-policiers-tues-lors-dune-attaque-inedite-aux-portes-de-niamey\/","title":{"rendered":"Niger: deux policiers tu\u00e9s lors d\u2019une  attaque in\u00e9dite aux portes de Niamey"},"content":{"rendered":"<div readability=\"32\">\n<p>Publi\u00e9 le 19.06.2019 \u00e0 19h50 par AFP<\/p>\n<\/div>\n<div readability=\"133\">\n<p>Deux policiers ont \u00e9t\u00e9 tu\u00e9s et deux bless\u00e9s mardi soir lors de l\u2019attaque d\u2019un poste de police \u00e0 l\u2019entr\u00e9e nord de Niamey, la premi\u00e8re \u00e0 se produire aux portes de la capitale du Niger, pays en proie \u00e0 des incursions jihadistes r\u00e9currentes.<\/p>\n<p>\u00ab\u00a0Dans la nuit du 18 juin aux environs de 23 heures locales (22H00 GMT), le poste de police route-Ouallam situ\u00e9 \u00e0 quelques km de Niamey a \u00e9t\u00e9 la cible d\u2019une attaque surprise perp\u00e9tr\u00e9e par deux individus arm\u00e9s non encore identifi\u00e9s. Le bilan de l\u2019attaque se pr\u00e9sente comme suit: deux policiers tu\u00e9s, deux autres policiers bless\u00e9s\u00a0\u00bb, a indiqu\u00e9 mercredi le minist\u00e8re de l\u2019Int\u00e9rieur dans un communiqu\u00e9.<\/p>\n<p>\u00ab\u00a0Une vaste op\u00e9ration de ratissage a \u00e9t\u00e9 imm\u00e9diatement enclench\u00e9e par les Forces de d\u00e9fense et de s\u00e9curit\u00e9 (FDS). Des mesures suppl\u00e9mentaires de s\u00e9curisation de tels dispositifs (des postes de police) seront imm\u00e9diatement mises en oeuvre pour \u00e9viter ce genre d\u2019attaques criminelles\u00a0\u00bb, a pr\u00e9cis\u00e9 le minist\u00e8re.<\/p>\n<p>L\u2019attaque n\u2019a pas \u00e9t\u00e9 revendiqu\u00e9e.<\/p>\n<p>Niamey doit accueillir les 7 et 8 juillet un sommet de l\u2019Union africaine, qui r\u00e9unira de nombreux chefs d\u2019Etat.<\/p>\n<p>\u00ab\u00a0Il \u00e9tait 23H00 quand on a entendu des tirs nourris venant du poste\u00a0\u00bb situ\u00e9 sur la route de la ville de Ouallam, dans le nord-ouest du Niger, a racont\u00e9 \u00e0 l\u2019AFP sous couvert de l\u2019anonymat un t\u00e9moin, qui vit \u00e0 proximit\u00e9 du poste de police, situ\u00e9 pr\u00e8s d\u2019un p\u00e9age, marquant l\u2019entr\u00e9e de la ville.<\/p>\n<p>\u2013 \u2018Logique de communication\u2019 \u2013<\/p>\n<p>C\u2019est la premi\u00e8re fois que des hommes arm\u00e9s attaquent aussi pr\u00e8s de la capitale du Niger, un pays sah\u00e9lien tr\u00e8s pauvre qui fait face \u00e0 des incursions r\u00e9currentes de groupes jihadistes dans l\u2019ouest ainsi que des islamistes de Boko Haram dans le sud-est.<\/p>\n<p>Mardi, une simulation d\u2019op\u00e9ration anti-terroriste avait eu lieu \u00e0 Niamey, organis\u00e9e par les forces de s\u00e9curit\u00e9 nig\u00e9riennes et Eucap Sahel, la mission europ\u00e9enne qui aide depuis 2012 le Niger \u00e0 lutter contre le terrorisme et la criminalit\u00e9 organis\u00e9e.<\/p>\n<p>\u00ab\u00a0Ils (les assaillants) sont dans une logique de communication avant le sommet de l\u2019Union africaine. \u00ab\u00a0Ils ont voulu faire un coup avant qu\u2019on mette en place le dispositif\u00a0\u00bb, a affirm\u00e9 \u00e0 l\u2019AFP le ministre de l\u2019Int\u00e9rieur Mohamed Bazoum, pr\u00e9cisant que celui-ci serait d\u00e9ploy\u00e9 dans les \u00ab\u00a0deux jours\u00a0\u00bb.<\/p>\n<p>\u00ab\u00a0Il y aura des milliers d\u2019hommes sur le terrain. Je ne suis pas inquiet en vue du sommet\u00a0\u00bb, a-t-il ajout\u00e9 soulignant que le Niger allait notamment faire appel \u00e0 3.000 \u00e9l\u00e8ves qui viennent de terminer leur formation militaire.<\/p>\n<p>Le 8 juin, un v\u00e9hicule de l\u2019arm\u00e9e am\u00e9ricaine avait saut\u00e9 sur un engin explosif, sans faire de victime, pr\u00e8s de la ville de Ouallam.<\/p>\n<p>Ouallam est situ\u00e9e \u00e0 une centaine de kilom\u00e8tres de Niamey et abrite un important camp d\u2019entra\u00eenement de l\u2019arm\u00e9e nig\u00e9rienne o\u00f9 sont notamment form\u00e9s les soldats qui participent \u00e0 la Mission de l\u2019ONU au Mali voisin, la Minusma.<\/p>\n<p>\u2013 Ville militaris\u00e9e \u2013<\/p>\n<p>En mars 2018, trois gendarmes nig\u00e9riens ont \u00e9t\u00e9 tu\u00e9s dans une attaque par \u00ab\u00a0des \u00e9l\u00e9ments terroristes\u00a0\u00bb \u00e0 Goub\u00e9, situ\u00e9 \u00e0 quarantaine de kilom\u00e8tres sur l\u2019axe Niamey-Ouallam.<\/p>\n<p>Plusieurs attaques avaient d\u00e9j\u00e0 eu lieu, plus loin autour de la capitale. Le 14 mai, 28 soldats avaient \u00e9t\u00e9 tu\u00e9s au lendemain d\u2019une tentative rat\u00e9e de prendre la prison Koutoukal\u00e9 (60 km de la capitale), l\u2019\u00e9tablissement p\u00e9nitentiaire le mieux gard\u00e9 du pays, o\u00f9 sont d\u00e9tenus de nombreux jihadistes.<\/p>\n<p>Niamey est une ville tr\u00e8s militaris\u00e9e avec une forte pr\u00e9sence des forces de s\u00e9curit\u00e9 et des check-points \u00e0 ses entr\u00e9es. Les lieux publics et restaurants sont surveill\u00e9s par des hommes en armes. En janvier 2011, des hommes arm\u00e9s avaient kidnapp\u00e9 deux jeunes Fran\u00e7ais qui avaient \u00e9t\u00e9 tu\u00e9s le lendemain, lors de la poursuite des ravisseurs par les forces sp\u00e9ciales fran\u00e7aises.<\/p>\n<p>Le pr\u00e9sident Mahamadou Issoufou a \u00e0 plusieurs reprises appel\u00e9 les Occidentaux et les Nations unies \u00e0 aider le Niger.<\/p>\n<p>Mais la pr\u00e9sence de forces fran\u00e7aise, am\u00e9ricaine et allemande au Niger ainsi que de l\u2019ONU au Mali voisin n\u2019ont jusqu\u2019ici pas r\u00e9ussi \u00e0 enrayer les attaques qui se multiplient.<\/p>\n<\/div>\n<p>Auteur: AFP<br \/>\n<a href=\"https:\/\/www.journalducameroun.com\/niger-deux-policiers-tues-lors-dune-attaque-inedite-aux-portes-de-niamey-2\/\">Cliquez ici pour lire l&rsquo;article depuis sa source.<\/a><\/p>\n","protected":false},"excerpt":{"rendered":"<p>Publi\u00e9 le 19.06.2019 \u00e0 19h50 par AFP Deux policiers ont \u00e9t\u00e9 tu\u00e9s et deux bless\u00e9s mardi soir lors de l\u2019attaque d\u2019un poste de police \u00e0 l\u2019entr\u00e9e nord de Niamey, la premi\u00e8re \u00e0 se produire aux portes de la capitale du Niger, pays en proie \u00e0 des incursions jihadistes r\u00e9currentes. \u00ab\u00a0Dans la nuit du 18 juin [&hellip;]<\/p>\n","protected":false},"author":1965,"featured_media":0,"comment_status":"closed","ping_status":"closed","sticky":false,"template":"","format":"standard","meta":{"fifu_image_url":"","fifu_image_alt":"","footnotes":""},"categories":[73,82],"tags":[],"class_list":["post-41608","post","type-post","status-publish","format-standard","hentry","category-actualite","category-cameroun"],"_links":{"self":[{"href":"https:\/\/linitiative.ca\/International\/wp-json\/wp\/v2\/posts\/41608","targetHints":{"allow":["GET"]}}],"collection":[{"href":"https:\/\/linitiative.ca\/International\/wp-json\/wp\/v2\/posts"}],"about":[{"href":"https:\/\/linitiative.ca\/International\/wp-json\/wp\/v2\/types\/post"}],"author":[{"embeddable":true,"href":"https:\/\/linitiative.ca\/International\/wp-json\/wp\/v2\/users\/1965"}],"replies":[{"embeddable":true,"href":"https:\/\/linitiative.ca\/International\/wp-json\/wp\/v2\/comments?post=41608"}],"version-history":[{"count":0,"href":"https:\/\/linitiative.ca\/International\/wp-json\/wp\/v2\/posts\/41608\/revisions"}],"wp:attachment":[{"href":"https:\/\/linitiative.ca\/International\/wp-json\/wp\/v2\/media?parent=41608"}],"wp:term":[{"taxonomy":"category","embeddable":true,"href":"https:\/\/linitiative.ca\/International\/wp-json\/wp\/v2\/categories?post=41608"},{"taxonomy":"post_tag","embeddable":true,"href":"https:\/\/linitiative.ca\/International\/wp-json\/wp\/v2\/tags?post=41608"}],"curies":[{"name":"wp","href":"https:\/\/api.w.org\/{rel}","templated":true}]}}