{"id":41610,"date":"2019-06-19T16:18:03","date_gmt":"2019-06-19T20:18:03","guid":{"rendered":"https:\/\/linitiative.ca\/International\/le-president-mauritanien-lance-la-rehabilitation-dun-affluent-du-fleuve-senegal\/"},"modified":"2019-06-19T16:18:03","modified_gmt":"2019-06-19T20:18:03","slug":"le-president-mauritanien-lance-la-rehabilitation-dun-affluent-du-fleuve-senegal","status":"publish","type":"post","link":"https:\/\/linitiative.ca\/International\/le-president-mauritanien-lance-la-rehabilitation-dun-affluent-du-fleuve-senegal\/","title":{"rendered":"Le pr\u00e9sident mauritanien lance la r\u00e9habilitation d\u2019un affluent du fleuve S\u00e9n\u00e9gal"},"content":{"rendered":"<div readability=\"32\">\n<p>Publi\u00e9 le 19.06.2019 \u00e0 21h18 par APA News<\/p>\n<\/div>\n<div readability=\"51\">\n<p>Le pr\u00e9sident mauritanien, Mohamed Ould Abdel Aziz a donn\u00e9 mercredi le coup d\u2019envoi de la r\u00e9habilitation de l\u2019affluent de Koundi qui s\u2019\u00e9tend sur une longueur de 145 kilom\u00e8tres \u00e0 partir du fleuve S\u00e9n\u00e9gal.Cet affluent traverse une vaste zone arable non exploit\u00e9e \u00e0 cause de l\u2019irr\u00e9gularit\u00e9 de la pr\u00e9sence d\u2019eau.<\/p>\n<p>Le projet comporte l\u2019approfondissement de 36 kilom\u00e8tres de l\u2019affluent dans le but de mettre en valeur 5.000 hectares de cultures de d\u00e9crue et 10.000 hectares de cultures irrigu\u00e9es.<\/p>\n<p>Selon le minist\u00e8re du D\u00e9veloppement rural mauritanien, ces travaux s\u2019inscrivent dans le cadre du programme de nettoyage et d\u2019approfondissement des cours d\u2019eau pour assurer l\u2019approvisionnement durable des p\u00e9rim\u00e8tres irrigu\u00e9s.<\/p>\n<p>Il s\u2019agit aussi de r\u00e9aliser des passerelles pour faciliter la circulation des personnes et des animaux sur l\u2019affluent.<\/p>\n<p>Les travaux financ\u00e9s \u00e0 hauteur de plus de 251 millions d\u2019ouguiyas (6,7 millions de dollars US) par le Fonds saoudien de d\u00e9veloppement et l\u2019Etat mauritanien devront durer 15 mois.<\/p>\n<\/div>\n<p>Auteur: APA News<br \/>\n<a href=\"https:\/\/www.journalducameroun.com\/le-president-mauritanien-lance-la-rehabilitation-dun-affluent-du-fleuve-senegal\/\">Cliquez ici pour lire l&rsquo;article depuis sa source.<\/a><\/p>\n","protected":false},"excerpt":{"rendered":"<p>Publi\u00e9 le 19.06.2019 \u00e0 21h18 par APA News Le pr\u00e9sident mauritanien, Mohamed Ould Abdel Aziz a donn\u00e9 mercredi le coup d\u2019envoi de la r\u00e9habilitation de l\u2019affluent de Koundi qui s\u2019\u00e9tend sur une longueur de 145 kilom\u00e8tres \u00e0 partir du fleuve S\u00e9n\u00e9gal.Cet affluent traverse une vaste zone arable non exploit\u00e9e \u00e0 cause de l\u2019irr\u00e9gularit\u00e9 de la [&hellip;]<\/p>\n","protected":false},"author":1965,"featured_media":0,"comment_status":"closed","ping_status":"closed","sticky":false,"template":"","format":"standard","meta":{"fifu_image_url":"","fifu_image_alt":"","footnotes":""},"categories":[73,82],"tags":[],"class_list":["post-41610","post","type-post","status-publish","format-standard","hentry","category-actualite","category-cameroun"],"_links":{"self":[{"href":"https:\/\/linitiative.ca\/International\/wp-json\/wp\/v2\/posts\/41610","targetHints":{"allow":["GET"]}}],"collection":[{"href":"https:\/\/linitiative.ca\/International\/wp-json\/wp\/v2\/posts"}],"about":[{"href":"https:\/\/linitiative.ca\/International\/wp-json\/wp\/v2\/types\/post"}],"author":[{"embeddable":true,"href":"https:\/\/linitiative.ca\/International\/wp-json\/wp\/v2\/users\/1965"}],"replies":[{"embeddable":true,"href":"https:\/\/linitiative.ca\/International\/wp-json\/wp\/v2\/comments?post=41610"}],"version-history":[{"count":0,"href":"https:\/\/linitiative.ca\/International\/wp-json\/wp\/v2\/posts\/41610\/revisions"}],"wp:attachment":[{"href":"https:\/\/linitiative.ca\/International\/wp-json\/wp\/v2\/media?parent=41610"}],"wp:term":[{"taxonomy":"category","embeddable":true,"href":"https:\/\/linitiative.ca\/International\/wp-json\/wp\/v2\/categories?post=41610"},{"taxonomy":"post_tag","embeddable":true,"href":"https:\/\/linitiative.ca\/International\/wp-json\/wp\/v2\/tags?post=41610"}],"curies":[{"name":"wp","href":"https:\/\/api.w.org\/{rel}","templated":true}]}}