{"id":41611,"date":"2019-06-19T17:50:01","date_gmt":"2019-06-19T21:50:01","guid":{"rendered":"https:\/\/linitiative.ca\/International\/le-mexique-ratifie-le-nouveau-traite-de-libre-echange-avec-les-etats-unis-et-le-canada\/"},"modified":"2019-06-19T17:50:01","modified_gmt":"2019-06-19T21:50:01","slug":"le-mexique-ratifie-le-nouveau-traite-de-libre-echange-avec-les-etats-unis-et-le-canada","status":"publish","type":"post","link":"https:\/\/linitiative.ca\/International\/le-mexique-ratifie-le-nouveau-traite-de-libre-echange-avec-les-etats-unis-et-le-canada\/","title":{"rendered":"Le Mexique ratifie le nouveau trait\u00e9 de libre-\u00e9change avec les Etats-Unis et le Canada"},"content":{"rendered":"<div readability=\"32\">\n<p>Publi\u00e9 le 19.06.2019 \u00e0 22h50 par AFP<\/p>\n<\/div>\n<div readability=\"85\">\n<p>Le Mexique a ratifi\u00e9 mercredi le nouvel accord de libre-\u00e9change nord-am\u00e9ricain (AEUMC) avec le Canada et les Etats-Unis, devenant le premier pays \u00e0 donner son feu vert \u00e0 ce trait\u00e9, malgr\u00e9 les r\u00e9centes tensions avec Washington sur l\u2019immigration.<\/p>\n<p>Le texte a \u00e9t\u00e9 approuv\u00e9 par le s\u00e9nat mexicain par 114 voix contre quatre, et trois abstentions.<\/p>\n<p>Ce nouveau trait\u00e9 avait \u00e9t\u00e9 conclu entre les trois pays le 30 septembre \u00e0 l\u2019issue d\u2019\u00e2pres n\u00e9gociations, puis sign\u00e9 le 30 novembre. Le texte est toujours en attente de ratification au Canada et aux Etats-Unis.<\/p>\n<p>\u00ab\u00a0Le Mexique envoie un message clair en faveur d\u2019une \u00e9conomie ouverte et d\u2019une int\u00e9gration \u00e9conomique approfondie dans la r\u00e9gion\u00a0\u00bb, s\u2019est f\u00e9licit\u00e9 le minist\u00e8re de l\u2019Economie dans un communiqu\u00e9.<\/p>\n<p>\u00ab\u00a0Le AEUMC offre de la s\u00e9curit\u00e9 aux investisseurs, aux consommateurs et aux producteurs pour continuer \u00e0 miser sur une \u00e9conomie mexicaine int\u00e9gr\u00e9e \u00e0 une Am\u00e9rique du Nord \u00e9conomiquement vigoureuse\u00a0\u00bb, a ajout\u00e9 le minist\u00e8re.<\/p>\n<p>Ce nouveau trait\u00e9 doit remplacer l\u2019accord de libre-\u00e9change nord-am\u00e9ricain (Alena) en vigueur depuis 1994 et vivement critiqu\u00e9 par le pr\u00e9sident am\u00e9ricain Donald Trump. Il doit permettre aux trois pays de continuer de s\u2019\u00e9changer des milliards de biens et services sans droits de douane.<\/p>\n<p>Sa ratification par le Mexique faisait peu de doute, l\u2019Alena ayant contribu\u00e9 \u00e0 faire du pays une puissance exportatrice au cours des 25 derni\u00e8res ann\u00e9es.<\/p>\n<p>Elle intervient toutefois dans un contexte tendu entre Mexico et Washington sur la question de l\u2019immigration clandestine.<\/p>\n<p>Donald Trump, qui a fait de la lutte contre l\u2019immigration clandestine le fer de lance de sa pr\u00e9sidence, avait mis son voisin sous pression fin mai en mena\u00e7ant d\u2019imposer des taxes douani\u00e8res sur tous les produits mexicains import\u00e9s aux Etats-Unis.<\/p>\n<p>Le 7 juin, \u00e0 l\u2019issue de n\u00e9gociations ardues, les deux pays sont finalement parvenus \u00e0 un accord. Le Mexique s\u2019est notamment engag\u00e9 \u00e0 renforcer les contr\u00f4les \u00e0 sa fronti\u00e8re avec le Guatemala, dans le sud du pays, et \u00e0 acc\u00e9l\u00e9rer le retour des migrants d\u2019Am\u00e9rique centrale vers leur pays, dans l\u2019attente que soient trait\u00e9es leurs demandes d\u2019asile aux Etats-Unis.<\/p>\n<p>L\u2019accord pourrait \u00eatre revu dans un d\u00e9lai de 45 jours si le flot de migrants traversant le Mexique vers la fronti\u00e8re am\u00e9ricaine n\u2019est pas frein\u00e9.<\/p>\n<\/div>\n<p>Auteur: AFP<br \/>\n<a href=\"https:\/\/www.journalducameroun.com\/le-mexique-ratifie-le-nouveau-traite-de-libre-echange-avec-les-etats-unis-et-le-canada\/\">Cliquez ici pour lire l&rsquo;article depuis sa source.<\/a><\/p>\n","protected":false},"excerpt":{"rendered":"<p>Publi\u00e9 le 19.06.2019 \u00e0 22h50 par AFP Le Mexique a ratifi\u00e9 mercredi le nouvel accord de libre-\u00e9change nord-am\u00e9ricain (AEUMC) avec le Canada et les Etats-Unis, devenant le premier pays \u00e0 donner son feu vert \u00e0 ce trait\u00e9, malgr\u00e9 les r\u00e9centes tensions avec Washington sur l\u2019immigration. Le texte a \u00e9t\u00e9 approuv\u00e9 par le s\u00e9nat mexicain par [&hellip;]<\/p>\n","protected":false},"author":1965,"featured_media":0,"comment_status":"closed","ping_status":"closed","sticky":false,"template":"","format":"standard","meta":{"fifu_image_url":"","fifu_image_alt":"","footnotes":""},"categories":[73,82],"tags":[],"class_list":["post-41611","post","type-post","status-publish","format-standard","hentry","category-actualite","category-cameroun"],"_links":{"self":[{"href":"https:\/\/linitiative.ca\/International\/wp-json\/wp\/v2\/posts\/41611","targetHints":{"allow":["GET"]}}],"collection":[{"href":"https:\/\/linitiative.ca\/International\/wp-json\/wp\/v2\/posts"}],"about":[{"href":"https:\/\/linitiative.ca\/International\/wp-json\/wp\/v2\/types\/post"}],"author":[{"embeddable":true,"href":"https:\/\/linitiative.ca\/International\/wp-json\/wp\/v2\/users\/1965"}],"replies":[{"embeddable":true,"href":"https:\/\/linitiative.ca\/International\/wp-json\/wp\/v2\/comments?post=41611"}],"version-history":[{"count":0,"href":"https:\/\/linitiative.ca\/International\/wp-json\/wp\/v2\/posts\/41611\/revisions"}],"wp:attachment":[{"href":"https:\/\/linitiative.ca\/International\/wp-json\/wp\/v2\/media?parent=41611"}],"wp:term":[{"taxonomy":"category","embeddable":true,"href":"https:\/\/linitiative.ca\/International\/wp-json\/wp\/v2\/categories?post=41611"},{"taxonomy":"post_tag","embeddable":true,"href":"https:\/\/linitiative.ca\/International\/wp-json\/wp\/v2\/tags?post=41611"}],"curies":[{"name":"wp","href":"https:\/\/api.w.org\/{rel}","templated":true}]}}