{"id":41633,"date":"2019-06-19T09:12:33","date_gmt":"2019-06-19T13:12:33","guid":{"rendered":"https:\/\/linitiative.ca\/International\/mon-facies-quest-ce-quil-a-mon-facies\/"},"modified":"2019-06-19T09:12:33","modified_gmt":"2019-06-19T13:12:33","slug":"mon-facies-quest-ce-quil-a-mon-facies","status":"publish","type":"post","link":"https:\/\/linitiative.ca\/International\/mon-facies-quest-ce-quil-a-mon-facies\/","title":{"rendered":"Mon faci\u00e8s, qu\u2019est-ce-qu\u2019il a, mon faci\u00e8s?"},"content":{"rendered":"<div class=\"featured-area featured-area-inner\"><img loading=\"lazy\" decoding=\"async\" width=\"676\" height=\"405\" src=\"https:\/\/i0.wp.com\/ecomatin.net\/wp-content\/uploads\/2019\/06\/ecomatin.net-mon-facies-quest-ce-quil-a-mon-facies-mien-zock-3.jpg?resize=676%2C405&#038;ssl=1&#038;is-pending-load=1\" class=\"attachment-jannah-image-post size-jannah-image-post wp-post-image jetpack-lazy-image\" alt=\"\" data-attachment-id=\"9109\" data-permalink=\"https:\/\/ecomatin.net\/mon-facies-quest-ce-quil-a-mon-facies\/mien-zock-3-3\/\" data-orig-file=\"https:\/\/i0.wp.com\/ecomatin.net\/wp-content\/uploads\/2019\/06\/ecomatin.net-mon-facies-quest-ce-quil-a-mon-facies-mien-zock-3.jpg?fit=676%2C643&#038;ssl=1\" data-orig-size=\"676,643\" data-comments-opened=\"0\" data-image-meta=\"{\"aperture\":\"0\",\"credit\":\"\",\"camera\":\"\",\"caption\":\"\",\"created_timestamp\":\"0\",\"copyright\":\"\",\"focal_length\":\"0\",\"iso\":\"0\",\"shutter_speed\":\"0\",\"title\":\"\",\"orientation\":\"1\"}\" data-image-title=\"Mien Zock 3\" data-image-description=\"\" data-medium-file=\"https:\/\/i0.wp.com\/ecomatin.net\/wp-content\/uploads\/2019\/06\/ecomatin.net-mon-facies-quest-ce-quil-a-mon-facies-mien-zock-3.jpg?fit=300%2C285&#038;ssl=1\" data-large-file=\"https:\/\/i0.wp.com\/ecomatin.net\/wp-content\/uploads\/2019\/06\/ecomatin.net-mon-facies-quest-ce-quil-a-mon-facies-mien-zock-3.jpg?fit=676%2C643&#038;ssl=1\" srcset=\"data:image\/gif;base64,R0lGODlhAQABAIAAAAAAAP\/\/\/yH5BAEAAAAALAAAAAABAAEAAAIBRAA7\"\/><\/div>\n<div class=\"entry-content entry clearfix\" readability=\"69\">\n<p>Une semaine apr\u00e8s, le titre du journal <strong>Le jour<\/strong> sur la \u00ab\u00a0<strong>traque au faci\u00e8s<\/strong>\u00a0\u00bb dont les\u00a0 militants du <strong>MRC<\/strong> auraient \u00e9t\u00e9 victimes continue de faire des vagues au sein de l\u2019opinion. Malgr\u00e9 la tentative d\u2019explication et de justification du Directeur de publication, l\u2019indignation et les condamnations ne faiblissent pas. Comment un journal consid\u00e9r\u00e9 jusque-l\u00e0 comme s\u00e9rieux a-t-il pu se laisser aller \u00e0 une telle d\u00e9rive? Comment l\u2019id\u00e9ologie a-t-elle pu se propager dans ses colonnes au risque d\u2019\u00e9touffer le professionnalisme? Quels que soient les arguments avanc\u00e9s par la r\u00e9daction, ce titre \u00e0 lui tout seul est inadmissible. Si on suit les insinuations du journal Le Jour, les gentils militants du MRC auraient donc un faci\u00e8s identique, reconnaissable au premier regard. Ce qui leur vaudrait une traque de la part de leurs m\u00e9chants bourreaux qui auraient eux, un faci\u00e8s diff\u00e9rent. D\u00e9lit de faci\u00e8s? La bonne blague! On en rirait si les faits n\u2019\u00e9taient pas aussi graves. Ces termes naus\u00e9abonds ne vous rappellent rien? Oh que si! Il y aurait donc au Cameroun des m\u00e9t\u00e8ques, des juifs errants \u00ab\u00a0<em>dignes<\/em>\u00a0\u00bb d\u2019arborer une \u00e9toile jaune au revers de la poitrine?<\/p>\n<p>Soyons s\u00e9rieux! Il n\u2019y a pas meilleur moyen d\u2019inoculer le venin de la haine tribale dans le corps social. Ah si seulement ces \u00ab\u00a0<em>m\u00e9t\u00e8ques<\/em>\u00a0\u00bb d\u00e9sign\u00e9s pouvaient parler et protester en reprenant les paroles d\u2019une chanson de Johnny Hallyday:<\/p>\n<p>\u00ab\u00a0<em>Quoi ma gueule?<\/em><\/p>\n<p><em>\u00a0\u00a0\u00a0\u00a0\u00a0\u00a0\u00a0\u00a0\u00a0\u00a0\u00a0\u00a0\u00a0\u00a0 Qu\u2019est-ce qu\u2019elle a ma gueule?<\/em><\/p>\n<p><em>\u00a0\u00a0\u00a0\u00a0\u00a0\u00a0\u00a0\u00a0\u00a0\u00a0\u00a0\u00a0\u00a0\u00a0 Quelque chose qui ne va pas?<\/em><\/p>\n<p><em>\u00a0\u00a0\u00a0\u00a0\u00a0\u00a0\u00a0\u00a0\u00a0\u00a0\u00a0\u00a0\u00a0\u00a0 Elle ne te revient pas?<\/em><\/p>\n<p><em>\u00a0\u00a0\u00a0\u00a0\u00a0\u00a0\u00a0\u00a0\u00a0\u00a0\u00a0\u00a0\u00a0\u00a0 Oh je sais que tu n\u2019as rien dit<\/em><\/p>\n<p><em>\u00a0\u00a0\u00a0\u00a0\u00a0\u00a0\u00a0\u00a0\u00a0\u00a0\u00a0\u00a0\u00a0\u00a0 C\u2019est ton \u0153il que je prends au mot<\/em><\/p>\n<p><em>\u00a0\u00a0\u00a0\u00a0\u00a0\u00a0\u00a0\u00a0\u00a0\u00a0\u00a0\u00a0\u00a0\u00a0 Souvent un seul regard suffit<\/em><\/p>\n<p><em>\u00a0\u00a0\u00a0\u00a0\u00a0\u00a0\u00a0\u00a0\u00a0\u00a0\u00a0\u00a0\u00a0\u00a0 Pour vous planter mieux qu\u2019un couteau<\/em>\u00a0\u00bb<\/p>\n<p>Les militants du MRC pr\u00e9tendument traqu\u00e9s pour leurs faci\u00e8s ne peuvent pas reprendre ces paroles puisqu\u2019elles rel\u00e8vent d\u2019une vue de l\u2019esprit dans le contexte multi-ethnique camerounais. Qu\u2019\u00e0 cela ne tienne, cet article reste\u00a0 bel et bien\u00a0 une tentative de planter un couteau dans le vivre-ensemble camerounais. Heureusement les Camerounais dans leur immense majorit\u00e9 ne sont pas tomb\u00e9s dans ce grossier pi\u00e8ge. \u00c0 contrario, comme le jet de salive crach\u00e9 en l\u2019air, il est retomb\u00e9 sur le\u2026MRC. Depuis des ann\u00e9es les contempteurs de ce parti r\u00e9p\u00e8tent \u00e0 l\u2019envi qu\u2019il a un socle tribal. Ses promoteurs s\u2019en d\u00e9fendent. Mais voil\u00e0 que l\u2019article du jour vient apporter malgr\u00e9 lui des arguments qui confortent la th\u00e8se du parti ethnique. Si les militants de ce parti sont traqu\u00e9s pour leur faci\u00e8s c\u2019est parce qu\u2019ils ont la m\u00eame origine. Et s\u2019ils sont d\u2019une seule tribu ils n\u2019ont donc pas pu convaincre d\u2019autres Camerounais d\u2019adh\u00e9rer \u00e0 ce parti et encore moins de voter pour son candidat. CQFD.\u00a0 Comment ce dernier a-t-il pu alors remporter une \u00e9lection avec un \u00e9lectorat monocolore? That is the question, comme dirait l\u2019autre. En tout cas merci au journal le jour pour cette belle d\u00e9monstration. On n\u2019en demandait pas tant.<\/p>\n<div class=\"about-author about-author-box container-wrapper\">\n<div class=\"author-avatar\">\n<p><img decoding=\"async\" src=\"http:\/\/\" alt=\"\"\/><\/p>\n<\/div>\n<p><h4>La R\u00e9daction EcoMatin<\/h4>\n<\/p>\n<\/div>\n<div class=\"awac-wrapper awac widget blog_subscription-2\">\n<h4 class=\"widget-title\">Abonnez-vous \u00e0 notre lettre d&rsquo;information<\/h4>\n<\/div>\n<\/div>\n<div class=\"toggle-post-content clearfix\"><a id=\"toggle-post-button\" class=\"button\" href=\"#\">Afficher plus <\/a><\/div>\n<p>Auteur: EcoMatin<br \/>\n<a href=\"https:\/\/ecomatin.net\/mon-facies-quest-ce-quil-a-mon-facies\/\">Cliquez ici pour lire l&rsquo;article depuis sa source.<\/a><\/p>\n","protected":false},"excerpt":{"rendered":"<p>Une semaine apr\u00e8s, le titre du journal Le jour sur la \u00ab\u00a0traque au faci\u00e8s\u00a0\u00bb dont les\u00a0 militants du MRC auraient \u00e9t\u00e9 victimes continue de faire des vagues au sein de l\u2019opinion. Malgr\u00e9 la tentative d\u2019explication et de justification du Directeur de publication, l\u2019indignation et les condamnations ne faiblissent pas. Comment un journal consid\u00e9r\u00e9 jusque-l\u00e0 comme [&hellip;]<\/p>\n","protected":false},"author":1969,"featured_media":0,"comment_status":"closed","ping_status":"closed","sticky":false,"template":"","format":"standard","meta":{"fifu_image_url":"","fifu_image_alt":"","footnotes":""},"categories":[82,78],"tags":[],"class_list":["post-41633","post","type-post","status-publish","format-standard","hentry","category-cameroun","category-economie"],"_links":{"self":[{"href":"https:\/\/linitiative.ca\/International\/wp-json\/wp\/v2\/posts\/41633","targetHints":{"allow":["GET"]}}],"collection":[{"href":"https:\/\/linitiative.ca\/International\/wp-json\/wp\/v2\/posts"}],"about":[{"href":"https:\/\/linitiative.ca\/International\/wp-json\/wp\/v2\/types\/post"}],"author":[{"embeddable":true,"href":"https:\/\/linitiative.ca\/International\/wp-json\/wp\/v2\/users\/1969"}],"replies":[{"embeddable":true,"href":"https:\/\/linitiative.ca\/International\/wp-json\/wp\/v2\/comments?post=41633"}],"version-history":[{"count":0,"href":"https:\/\/linitiative.ca\/International\/wp-json\/wp\/v2\/posts\/41633\/revisions"}],"wp:attachment":[{"href":"https:\/\/linitiative.ca\/International\/wp-json\/wp\/v2\/media?parent=41633"}],"wp:term":[{"taxonomy":"category","embeddable":true,"href":"https:\/\/linitiative.ca\/International\/wp-json\/wp\/v2\/categories?post=41633"},{"taxonomy":"post_tag","embeddable":true,"href":"https:\/\/linitiative.ca\/International\/wp-json\/wp\/v2\/tags?post=41633"}],"curies":[{"name":"wp","href":"https:\/\/api.w.org\/{rel}","templated":true}]}}