{"id":41636,"date":"2019-06-20T06:50:41","date_gmt":"2019-06-20T10:50:41","guid":{"rendered":"https:\/\/linitiative.ca\/International\/el-jadida-un-jeune-se-suicide-en-se-jetant-dans-le-vide\/"},"modified":"2019-06-20T06:50:41","modified_gmt":"2019-06-20T10:50:41","slug":"el-jadida-un-jeune-se-suicide-en-se-jetant-dans-le-vide","status":"publish","type":"post","link":"https:\/\/linitiative.ca\/International\/el-jadida-un-jeune-se-suicide-en-se-jetant-dans-le-vide\/","title":{"rendered":"El Jadida : Un jeune se suicide  en se jetant dans le vide"},"content":{"rendered":"<header>\n<\/header>\n<div class=\"entry-content clearfix\" readability=\"43\"><img decoding=\"async\" class=\"post_layout_5_img\" src=\"http:\/\/aujourdhui.ma\/wp-content\/uploads\/2017\/02\/Suicide.jpg?x29840\" alt=\"El Jadida : Un jeune se suicide en se jetant dans le vide\"\/><\/p>\n<p><span class=\"c4\"><strong>Au quartier Essa\u00e2da, \u00e0 El Jadida, un jeune de vingt-deux ans a mis, derni\u00e8rement, fin \u00e0 sa vie en se jetant dans le vide.<\/strong><\/span> <span id=\"more-313263\"\/><\/p>\n<p>Chez lui, ce jeune d\u00e9sesp\u00e9r\u00e9 s\u2019est jet\u00e9 du deuxi\u00e8me \u00e9tage devant les regards des habitants du quartier. Ceux-ci n\u2019en croient pas encore leurs yeux et leurs oreilles. Il faut dire que le d\u00e9funt jouissait d\u2019une bonne r\u00e9putation. M\u00eame son entourage le plus proche ne sait pas pourquoi il a mis fin \u00e0 sa vie.<\/p>\n<\/div>\n<p>Auteur: Abderrafii ALOUMLIKI<br \/>\n<a href=\"http:\/\/aujourdhui.ma\/faits-divers\/el-jadida-un-jeune-se-suicide-en-se-jetant-dans-le-vide\">Cliquez ici pour lire l&rsquo;article depuis sa source.<\/a><\/p>\n","protected":false},"excerpt":{"rendered":"<p>Au quartier Essa\u00e2da, \u00e0 El Jadida, un jeune de vingt-deux ans a mis, derni\u00e8rement, fin \u00e0 sa vie en se jetant dans le vide. Chez lui, ce jeune d\u00e9sesp\u00e9r\u00e9 s\u2019est jet\u00e9 du deuxi\u00e8me \u00e9tage devant les regards des habitants du quartier. Ceux-ci n\u2019en croient pas encore leurs yeux et leurs oreilles. Il faut dire que [&hellip;]<\/p>\n","protected":false},"author":1759,"featured_media":0,"comment_status":"closed","ping_status":"closed","sticky":false,"template":"","format":"standard","meta":{"fifu_image_url":"","fifu_image_alt":"","footnotes":""},"categories":[73,54],"tags":[],"class_list":["post-41636","post","type-post","status-publish","format-standard","hentry","category-actualite","category-maroc"],"_links":{"self":[{"href":"https:\/\/linitiative.ca\/International\/wp-json\/wp\/v2\/posts\/41636","targetHints":{"allow":["GET"]}}],"collection":[{"href":"https:\/\/linitiative.ca\/International\/wp-json\/wp\/v2\/posts"}],"about":[{"href":"https:\/\/linitiative.ca\/International\/wp-json\/wp\/v2\/types\/post"}],"author":[{"embeddable":true,"href":"https:\/\/linitiative.ca\/International\/wp-json\/wp\/v2\/users\/1759"}],"replies":[{"embeddable":true,"href":"https:\/\/linitiative.ca\/International\/wp-json\/wp\/v2\/comments?post=41636"}],"version-history":[{"count":0,"href":"https:\/\/linitiative.ca\/International\/wp-json\/wp\/v2\/posts\/41636\/revisions"}],"wp:attachment":[{"href":"https:\/\/linitiative.ca\/International\/wp-json\/wp\/v2\/media?parent=41636"}],"wp:term":[{"taxonomy":"category","embeddable":true,"href":"https:\/\/linitiative.ca\/International\/wp-json\/wp\/v2\/categories?post=41636"},{"taxonomy":"post_tag","embeddable":true,"href":"https:\/\/linitiative.ca\/International\/wp-json\/wp\/v2\/tags?post=41636"}],"curies":[{"name":"wp","href":"https:\/\/api.w.org\/{rel}","templated":true}]}}