{"id":41640,"date":"2019-06-20T07:07:05","date_gmt":"2019-06-20T11:07:05","guid":{"rendered":"https:\/\/linitiative.ca\/International\/la-2eme-edition-du-trail-international-agadir-oufella-le-30-juin\/"},"modified":"2019-06-20T07:07:05","modified_gmt":"2019-06-20T11:07:05","slug":"la-2eme-edition-du-trail-international-agadir-oufella-le-30-juin","status":"publish","type":"post","link":"https:\/\/linitiative.ca\/International\/la-2eme-edition-du-trail-international-agadir-oufella-le-30-juin\/","title":{"rendered":"La 2\u00e8me \u00e9dition du Trail international Agadir Oufella le 30 juin"},"content":{"rendered":"<header>\n<div class=\"entry-post-meta\">\n<div class=\"author-link\">Publi\u00e9 par <a itemprop=\"author\" itemscope=\"\" itemtype=\"https:\/\/schema.org\/Person\" href=\"http:\/\/aujourdhui.ma\/profile\/kaid\" rel=\"author\"><span itemprop=\"name\">ALM<\/span><\/a><\/div>\n<p>Date\u00a0:<time content=\"2019-06-20T12:07:05+00:00\" class=\"entry-date updated\" datetime=\"2019-06-20T12:07:05+00:00\">juin 20, 2019<\/time><\/p>\n<div class=\"entry-cat\">dans:<a href=\"http:\/\/aujourdhui.ma\/category\/sports\" rel=\"category tag\">Sports<\/a><\/div>\n<p>0 Vues<\/p>\n<\/div>\n<\/header>\n<div class=\"entry-content clearfix\" readability=\"44\"><img decoding=\"async\" class=\"post_layout_5_img\" src=\"http:\/\/aujourdhui.ma\/wp-content\/uploads\/2019\/06\/La-2e%CC%80me-e%CC%81dition-du-Trail-international-Agadir-Oufella-.jpg?x29840\" alt=\"La 2\u00e8me \u00e9dition du Trail international Agadir Oufella le 30 juin\"\/><\/p>\n<p class=\"p1\"><span class=\"s1\"><span class=\"c4\"><strong>La 2\u00e8me \u00e9dition du Trail international Agadir Oufella aura lieu le 30 juin, \u00e0 l\u2019initiative de l\u2019Association Souss-Sport, en partenariat avec le minist\u00e8re de la jeunesse et des sports, le Conseil de la r\u00e9gion du Souss-Massa et le conseil communal d\u2019Agadir.<\/strong><\/span><\/span> <span id=\"more-313355\"\/><\/p>\n<p class=\"p1\"><span class=\"s1\">Cette manifestation sportive vise \u00e0 faire conna\u00eetre ce genre sportif aux niveaux local, national et international, \u00e0 contribuer \u00e0 la promotion touristique de la perle du sud et \u00e0 mettre en relief les atouts et potentialit\u00e9s que rec\u00e8le cette r\u00e9gion, indiquent les organisateurs.<\/span><\/p>\n<\/div>\n<p>Auteur: ALM<br \/>\n<a href=\"http:\/\/aujourdhui.ma\/sports\/la-2eme-edition-du-trail-international-agadir-oufella-le-30-juin\">Cliquez ici pour lire l&rsquo;article depuis sa source.<\/a><\/p>\n","protected":false},"excerpt":{"rendered":"<p>Publi\u00e9 par ALM Date\u00a0:juin 20, 2019 dans:Sports 0 Vues La 2\u00e8me \u00e9dition du Trail international Agadir Oufella aura lieu le 30 juin, \u00e0 l\u2019initiative de l\u2019Association Souss-Sport, en partenariat avec le minist\u00e8re de la jeunesse et des sports, le Conseil de la r\u00e9gion du Souss-Massa et le conseil communal d\u2019Agadir. Cette manifestation sportive vise \u00e0 [&hellip;]<\/p>\n","protected":false},"author":1759,"featured_media":0,"comment_status":"closed","ping_status":"closed","sticky":false,"template":"","format":"standard","meta":{"fifu_image_url":"","fifu_image_alt":"","footnotes":""},"categories":[73,54],"tags":[],"class_list":["post-41640","post","type-post","status-publish","format-standard","hentry","category-actualite","category-maroc"],"_links":{"self":[{"href":"https:\/\/linitiative.ca\/International\/wp-json\/wp\/v2\/posts\/41640","targetHints":{"allow":["GET"]}}],"collection":[{"href":"https:\/\/linitiative.ca\/International\/wp-json\/wp\/v2\/posts"}],"about":[{"href":"https:\/\/linitiative.ca\/International\/wp-json\/wp\/v2\/types\/post"}],"author":[{"embeddable":true,"href":"https:\/\/linitiative.ca\/International\/wp-json\/wp\/v2\/users\/1759"}],"replies":[{"embeddable":true,"href":"https:\/\/linitiative.ca\/International\/wp-json\/wp\/v2\/comments?post=41640"}],"version-history":[{"count":0,"href":"https:\/\/linitiative.ca\/International\/wp-json\/wp\/v2\/posts\/41640\/revisions"}],"wp:attachment":[{"href":"https:\/\/linitiative.ca\/International\/wp-json\/wp\/v2\/media?parent=41640"}],"wp:term":[{"taxonomy":"category","embeddable":true,"href":"https:\/\/linitiative.ca\/International\/wp-json\/wp\/v2\/categories?post=41640"},{"taxonomy":"post_tag","embeddable":true,"href":"https:\/\/linitiative.ca\/International\/wp-json\/wp\/v2\/tags?post=41640"}],"curies":[{"name":"wp","href":"https:\/\/api.w.org\/{rel}","templated":true}]}}