{"id":41641,"date":"2019-06-20T07:08:29","date_gmt":"2019-06-20T11:08:29","guid":{"rendered":"https:\/\/linitiative.ca\/International\/saut-dobstacles-concours-officiel-de-la-garde-royale-du-28-au-30-juin-a-rabat\/"},"modified":"2019-06-20T07:08:29","modified_gmt":"2019-06-20T11:08:29","slug":"saut-dobstacles-concours-officiel-de-la-garde-royale-du-28-au-30-juin-a-rabat","status":"publish","type":"post","link":"https:\/\/linitiative.ca\/International\/saut-dobstacles-concours-officiel-de-la-garde-royale-du-28-au-30-juin-a-rabat\/","title":{"rendered":"Saut d\u2019obstacles : Concours officiel de la Garde royale du 28 au 30 juin \u00e0 Rabat"},"content":{"rendered":"<header>\n<div class=\"entry-post-meta\">\n<div class=\"author-link\">Publi\u00e9 par <a itemprop=\"author\" itemscope=\"\" itemtype=\"https:\/\/schema.org\/Person\" href=\"http:\/\/aujourdhui.ma\/profile\/kaid\" rel=\"author\"><span itemprop=\"name\">ALM<\/span><\/a><\/div>\n<p>Date\u00a0:<time content=\"2019-06-20T12:08:29+00:00\" class=\"entry-date updated\" datetime=\"2019-06-20T12:08:29+00:00\">juin 20, 2019<\/time><\/p>\n<div class=\"entry-cat\">dans:<a href=\"http:\/\/aujourdhui.ma\/category\/sports\" rel=\"category tag\">Sports<\/a><\/div>\n<p>0 Vues<\/p>\n<\/div>\n<\/header>\n<div class=\"entry-content clearfix\" readability=\"44\"><img decoding=\"async\" class=\"post_layout_5_img\" src=\"http:\/\/aujourdhui.ma\/wp-content\/uploads\/2019\/06\/Saut-d-obstacles.jpg?x29840\" alt=\"Saut d\u2019obstacles : Concours officiel de la Garde royale du 28 au 30 juin \u00e0 Rabat\"\/><\/p>\n<p class=\"p1\"><span class=\"s1\"><span class=\"c4\"><strong>Sous le Haut patronage de Sa Majest\u00e9 le Roi Mohammed VI, Chef supr\u00eame et Chef d\u2019\u00c9tat-Major G\u00e9n\u00e9ral des Forces Arm\u00e9es Royales, la Garde royale organise l\u2019\u00e9dition 2019 de son concours officiel de saut d\u2019obstacles du 28 au 30 juin \u00e0 la Carri\u00e8re Hassan II au M\u00e9chouar, \u00e0 Touargas.<\/strong><\/span><\/span> <span id=\"more-313354\"\/><\/p>\n<p class=\"p1\"><span class=\"s1\">Selon un communiqu\u00e9 de la Garde royale parvenu mardi \u00e0 la MAP, cet \u00e9v\u00e9nement conna\u00eetra la participation des plus \u00e9minents cavaliers des clubs \u00e9questres nationaux affili\u00e9s \u00e0 la F\u00e9d\u00e9ration royale marocaine des sports \u00e9questres. Devenu un rendez-vous incontournable, ce concours officiel de saut d\u2019obstacles conna\u00eetra le d\u00e9roulement de 19 \u00e9preuves dont le point d\u2019orgue sera le prestigieux Grand Prix de Sa Majest\u00e9 le Roi Mohammed VI.<\/span><\/p>\n<\/div>\n<p>Auteur: ALM<br \/>\n<a href=\"http:\/\/aujourdhui.ma\/sports\/saut-dobstacles-concours-officiel-de-la-garde-royale-du-28-au-30-juin-a-rabat\">Cliquez ici pour lire l&rsquo;article depuis sa source.<\/a><\/p>\n","protected":false},"excerpt":{"rendered":"<p>Publi\u00e9 par ALM Date\u00a0:juin 20, 2019 dans:Sports 0 Vues Sous le Haut patronage de Sa Majest\u00e9 le Roi Mohammed VI, Chef supr\u00eame et Chef d\u2019\u00c9tat-Major G\u00e9n\u00e9ral des Forces Arm\u00e9es Royales, la Garde royale organise l\u2019\u00e9dition 2019 de son concours officiel de saut d\u2019obstacles du 28 au 30 juin \u00e0 la Carri\u00e8re Hassan II au M\u00e9chouar, [&hellip;]<\/p>\n","protected":false},"author":1759,"featured_media":0,"comment_status":"closed","ping_status":"closed","sticky":false,"template":"","format":"standard","meta":{"fifu_image_url":"","fifu_image_alt":"","footnotes":""},"categories":[73,54],"tags":[],"class_list":["post-41641","post","type-post","status-publish","format-standard","hentry","category-actualite","category-maroc"],"_links":{"self":[{"href":"https:\/\/linitiative.ca\/International\/wp-json\/wp\/v2\/posts\/41641","targetHints":{"allow":["GET"]}}],"collection":[{"href":"https:\/\/linitiative.ca\/International\/wp-json\/wp\/v2\/posts"}],"about":[{"href":"https:\/\/linitiative.ca\/International\/wp-json\/wp\/v2\/types\/post"}],"author":[{"embeddable":true,"href":"https:\/\/linitiative.ca\/International\/wp-json\/wp\/v2\/users\/1759"}],"replies":[{"embeddable":true,"href":"https:\/\/linitiative.ca\/International\/wp-json\/wp\/v2\/comments?post=41641"}],"version-history":[{"count":0,"href":"https:\/\/linitiative.ca\/International\/wp-json\/wp\/v2\/posts\/41641\/revisions"}],"wp:attachment":[{"href":"https:\/\/linitiative.ca\/International\/wp-json\/wp\/v2\/media?parent=41641"}],"wp:term":[{"taxonomy":"category","embeddable":true,"href":"https:\/\/linitiative.ca\/International\/wp-json\/wp\/v2\/categories?post=41641"},{"taxonomy":"post_tag","embeddable":true,"href":"https:\/\/linitiative.ca\/International\/wp-json\/wp\/v2\/tags?post=41641"}],"curies":[{"name":"wp","href":"https:\/\/api.w.org\/{rel}","templated":true}]}}