{"id":41642,"date":"2019-06-20T07:15:20","date_gmt":"2019-06-20T11:15:20","guid":{"rendered":"https:\/\/linitiative.ca\/International\/lopm-celebre-la-fete-de-la-musique-aux-rythmes-de-compositions-dansantes\/"},"modified":"2019-06-20T07:15:20","modified_gmt":"2019-06-20T11:15:20","slug":"lopm-celebre-la-fete-de-la-musique-aux-rythmes-de-compositions-dansantes","status":"publish","type":"post","link":"https:\/\/linitiative.ca\/International\/lopm-celebre-la-fete-de-la-musique-aux-rythmes-de-compositions-dansantes\/","title":{"rendered":"L\u2019OPM c\u00e9l\u00e8bre la f\u00eate de la musique aux rythmes de compositions dansantes"},"content":{"rendered":"<p><img decoding=\"async\" class=\"post_layout_5_img\" src=\"http:\/\/aujourdhui.ma\/wp-content\/uploads\/2019\/06\/OPM.jpg?x29840\" alt=\"L\u2019OPM c\u00e9l\u00e8bre la f\u00eate de la musique aux rythmes de compositions dansantes\"\/><\/p>\n<p class=\"p1\"><span class=\"c4\"><strong><em>Si l\u2019OPM a choisi ces \u0153uvres, c\u2019est parce que nombreux sont les noms de danses qui sont aussi des appellations de<span class=\"Apple-converted-space\">\u00a0<\/span> compositions musicales. Entre valse, polka, mazurka, polonaise, gavotte, tango et flamenco entre autres, les intitul\u00e9s ne manquent pas.<\/em><\/strong><\/span> <span id=\"more-313362\"\/><\/p>\n<p class=\"p1\"><span class=\"s1\">Cette ann\u00e9e, l\u2019Orchestre Philharmonique du Maroc (OPM) c\u00e9l\u00e9brera la f\u00eate de la musique aux rythmes de compositions dansantes. Pour partager cette joie avec un grand public, cette grande formation de musiciens animera, du 20 au 21 juin \u00e0 Rabat, Casablanca et Agadir, trois concerts gratuits en plein air avec le soutien du Cr\u00e9dit du Maroc et en partenariat avec le minist\u00e8re de la culture. Celui de Casablanca \u00e9tant soutenu par Orange et We casablanca.<\/span><\/p>\n<p class=\"p1\"><span class=\"s1\">Lors de ces manifestations, l\u2019OPM pr\u00e9sentera, selon ses dires, un programme compos\u00e9 d\u2019un ensemble de <em>\u00abmorceaux phares issus de ces<span class=\"Apple-converted-space\">\u00a0<\/span> \u00e9changes entre ces deux disciplines que sont la musique et la danse\u00bb.<\/em> Ainsi, le choix des initiateurs s\u2019est port\u00e9, selon eux, sur la \u00abvalse n\u00b0 2 extraite de Suite pour orchestre de vari\u00e9t\u00e9 n\u00b0 1\u00bb du compositeur russe Dmitri Dmitrievitch Chostakovitch. L\u2019orchestre interpr\u00e9tera aussi \u00abDie T\u00e4nzerin polka fran\u00e7aise op. (opening) 227\u00bb de l\u2019Autrichien Johann Strauss. Il jouera \u00e9galement \u00abExpress-Polka op. 311\u00bb, \u00abDie Bajadere op. 351\u00bb et \u00abValse Le Beau Danube bleu op. 314\u00bb de Johann Strauss II (fils). L\u2019OPM pr\u00e9sentera, de plus, \u00abDanses hongroises n\u00b0 1, 4 et 5\u00bb de l\u2019Allemand Johannes Brahms, \u00abDanses slaves n\u00b0 3 et 8 op. 46\u00bb du Tch\u00e8que Anton\u00edn Dvo\u0159\u00e1k, \u00abDanse bacchanale\u00bb du Fran\u00e7ais Camille Saint-Sa\u00ebns, \u00abDanz\u00f3n n\u00b0 2\u00bb du Mexicain Arturo M\u00e1rquez et \u00abMambo\u00bb de l\u2019Am\u00e9ricain Leonard Bernstein. <em>\u00abEntra\u00eenantes, enjou\u00e9es, enlev\u00e9es, les compositions propos\u00e9es sont l\u2019occasion de (re)d\u00e9couvrir la musique<span class=\"Apple-converted-space\">\u00a0<\/span> classique dans un contexte festif, convivial<span class=\"Apple-converted-space\">\u00a0<\/span> et<span class=\"Apple-converted-space\">\u00a0<\/span> joyeux o\u00f9 chacun est le bienvenu\u00bb,<\/em> exaltent les organisateurs.<\/span><\/p>\n<p class=\"p1\"><span class=\"s1\">Mieux encore, l\u2019orchestre se produira aux c\u00f4t\u00e9s du Ch\u0153ur Philharmonique du Maroc. Ils seront dirig\u00e9s par le chef d\u2019orchestre fran\u00e7ais Olivier Holt.<\/span><\/p>\n<p class=\"p1\"><span class=\"s1\">Si l\u2019OPM a choisi ces \u0153uvres, c\u2019est parce que, comme il le pr\u00e9cise, <em>\u00abnombreux sont les noms de danses qui sont aussi des appellations de compositions musicales\u00bb.<\/em> Entre valse, polka, mazurka, polonaise, gavotte, tango et flamenco entre autres, les intitul\u00e9s ne manquent pas. <em>\u00abD\u2019ailleurs, au 17\u00e8me si\u00e8cle, \u00e0 l\u2019\u00e9poque baroque, celui qui est musicien est forc\u00e9ment danseur, et r\u00e9ciproquement\u00bb<\/em>, remonte l\u2019orchestre. Selon ses dires, les collaborations entre chor\u00e9graphes\/danseurs et compositeurs\/musiciens sont, aujourd\u2019hui encore nombreuses et vari\u00e9es. Dans ce sens, les organisateurs citent l\u2019exemple de la com\u00e9die musicale \u00abWest Side Story\u00bb compos\u00e9e par Leonard Bernstein, voire chor\u00e9graphi\u00e9e et mise en sc\u00e8ne par Jerome Robbins.<\/span><\/p>\n<p class=\"p1\"><span class=\"s1\">Pour rappel, l\u2019entr\u00e9e aux concerts de l\u2019OPM est gratuite, en acc\u00e8s libre, dans la limite des places disponibles. Il vaut mieux y aller tr\u00e8s t\u00f4t\u2026<\/span><\/p>\n<div class=\"base-box mom_box_sc_custom mom_box_sc clear c7\" readability=\"13\">\n<p class=\"p1\"><span class=\"s1 c6\"><strong><span class=\"c5\">Dates et lieux \u00e0 retenir<\/span><\/strong><\/span><\/p>\n<p class=\"p1\"><span class=\"s1\"><strong>\u2013 Jeudi 20 juin \u2013 19h :<\/strong> \u00c9cole internationale de musique et de\u00a0<\/span><span class=\"s1\"><span class=\"Apple-converted-space\">\u00a0<\/span>danse \u00e0 Rabat<\/span><\/p>\n<p class=\"p1\"><span class=\"s1\"><strong>\u2013 Vendredi 21 juin \u2013 21h :<\/strong> Place des Nations Unies \u00e0 Casablanca<\/span><\/p>\n<p class=\"p1\"><span class=\"s1\"><strong>\u2013 Samedi 22 juin \u2013 21h :<\/strong> Th\u00e9\u00e2tre de verdure \u00e0 Agadir.<\/span><\/p>\n<\/div>\n<p>Auteur: ALM<br \/>\n<a href=\"http:\/\/aujourdhui.ma\/culture\/musique\/lopm-celebre-la-fete-de-la-musique-aux-rythmes-de-compositions-dansantes\">Cliquez ici pour lire l&rsquo;article depuis sa source.<\/a><\/p>\n","protected":false},"excerpt":{"rendered":"<p>Si l\u2019OPM a choisi ces \u0153uvres, c\u2019est parce que nombreux sont les noms de danses qui sont aussi des appellations de\u00a0 compositions musicales. Entre valse, polka, mazurka, polonaise, gavotte, tango et flamenco entre autres, les intitul\u00e9s ne manquent pas. Cette ann\u00e9e, l\u2019Orchestre Philharmonique du Maroc (OPM) c\u00e9l\u00e9brera la f\u00eate de la musique aux rythmes de [&hellip;]<\/p>\n","protected":false},"author":1759,"featured_media":0,"comment_status":"closed","ping_status":"closed","sticky":false,"template":"","format":"standard","meta":{"fifu_image_url":"","fifu_image_alt":"","footnotes":""},"categories":[73,54],"tags":[],"class_list":["post-41642","post","type-post","status-publish","format-standard","hentry","category-actualite","category-maroc"],"_links":{"self":[{"href":"https:\/\/linitiative.ca\/International\/wp-json\/wp\/v2\/posts\/41642","targetHints":{"allow":["GET"]}}],"collection":[{"href":"https:\/\/linitiative.ca\/International\/wp-json\/wp\/v2\/posts"}],"about":[{"href":"https:\/\/linitiative.ca\/International\/wp-json\/wp\/v2\/types\/post"}],"author":[{"embeddable":true,"href":"https:\/\/linitiative.ca\/International\/wp-json\/wp\/v2\/users\/1759"}],"replies":[{"embeddable":true,"href":"https:\/\/linitiative.ca\/International\/wp-json\/wp\/v2\/comments?post=41642"}],"version-history":[{"count":0,"href":"https:\/\/linitiative.ca\/International\/wp-json\/wp\/v2\/posts\/41642\/revisions"}],"wp:attachment":[{"href":"https:\/\/linitiative.ca\/International\/wp-json\/wp\/v2\/media?parent=41642"}],"wp:term":[{"taxonomy":"category","embeddable":true,"href":"https:\/\/linitiative.ca\/International\/wp-json\/wp\/v2\/categories?post=41642"},{"taxonomy":"post_tag","embeddable":true,"href":"https:\/\/linitiative.ca\/International\/wp-json\/wp\/v2\/tags?post=41642"}],"curies":[{"name":"wp","href":"https:\/\/api.w.org\/{rel}","templated":true}]}}