{"id":41644,"date":"2019-06-20T07:24:58","date_gmt":"2019-06-20T11:24:58","guid":{"rendered":"https:\/\/linitiative.ca\/International\/lexposition-mains-de-lumiere-eblouit-des-etudiants-et-chercheurs\/"},"modified":"2019-06-20T07:24:58","modified_gmt":"2019-06-20T11:24:58","slug":"lexposition-mains-de-lumiere-eblouit-des-etudiants-et-chercheurs","status":"publish","type":"post","link":"https:\/\/linitiative.ca\/International\/lexposition-mains-de-lumiere-eblouit-des-etudiants-et-chercheurs\/","title":{"rendered":"L\u2019exposition \u00abMains de lumi\u00e8re\u00bb \u00e9blouit des \u00e9tudiants et chercheurs"},"content":{"rendered":"<p><img decoding=\"async\" class=\"post_layout_5_img\" src=\"http:\/\/aujourdhui.ma\/wp-content\/uploads\/2019\/06\/Exposition-Mains-de-lumie%CC%80re.jpg?x29840\" alt=\"L\u2019exposition \u00abMains de lumi\u00e8re\u00bb \u00e9blouit des \u00e9tudiants et chercheurs\"\/><\/p>\n<p class=\"p1\"><span class=\"c4\"><strong><em>Elle se tient \u00e0 la galerie des expositions de l\u2019Universit\u00e9 Euromed de F\u00e8s<\/em><\/strong><\/span><span id=\"more-313367\"\/><\/p>\n<p class=\"p2\"><span class=\"s1\">Le tour, tout r\u00e9cemment, de l\u2019exposition nationale des arts plastiques \u00abMains de lumi\u00e8re\u00bb, \u00e0 la galerie des expositions de l\u2019Universit\u00e9 Euromed de F\u00e8s, laisse voir une panoplie de palettes assez color\u00e9es. Le visiteur est tellement \u00e9pris par les diff\u00e9rents tons qu\u2019il a envie de faire tout le tour de cette exposition. D\u2019une toile \u00e0 l\u2019autre, le spectateur se rend compte que ces \u0153uvres appartiennent \u00e0 diff\u00e9rents artistes-peintres. Ce sont, en fait, 80 artistes qui prennent part \u00e0 cette exposition, qui se poursuit jusqu\u2019au 22 juin et dont le vernissage a co\u00efncid\u00e9 avec l\u2019ouverture du 25\u00e8me Festival des F\u00e8s de musiques sacr\u00e9es du monde et la c\u00e9r\u00e9monie de remise des dipl\u00f4mes aux trois premi\u00e8res promotions de Master de l\u2019Universit\u00e9 Euromed. Cette c\u00e9r\u00e9monie ayant \u00e9t\u00e9 une opportunit\u00e9 pour d\u00e9couvrir cette exposition nationale organis\u00e9e initialement \u00e0 Rabat sous le Haut patronage de Sa Majest\u00e9 le Roi Mohammed VI. Le vernissage de cette exposition \u00e0 F\u00e8s a \u00e9t\u00e9 marqu\u00e9 par la pr\u00e9sence, entre autres, d\u2019Andr\u00e9 Azoulay, conseiller du Souverain.<\/span><\/p>\n<p class=\"p2\"><span class=\"s1\">En organisant cet \u00e9v\u00e9nement dans la galerie de l\u2019universit\u00e9, le Syndicat marocain des artistes plasticiens professionnels, qui en est l\u2019initiateur avec le soutien du minist\u00e8re de la culture et de la communication et la galerie Nobly\u2019s, voulait <em>\u00abrapprocher les arts plastiques du public notamment les \u00e9tudiants et chercheurs \u00bb.<\/em><\/span><\/p>\n<p class=\"p2\"><span class=\"s1\">Cela \u00e9tant, cette exposition regroupe, selon les initiateurs, plusieurs g\u00e9n\u00e9rations d\u2019artistes, des pionniers et des \u00e9mergents. Selon la m\u00eame source, une grande place a \u00e9t\u00e9 accord\u00e9e aux jeunes plasticiens pour encourager leur dynamisme cr\u00e9atif. A propos de cette exposition, l\u2019artiste-peintre et pr\u00e9sident du syndicat, Sidi Mohammed<span class=\"Apple-converted-space\">\u00a0<\/span> Mansouri Idrissi, indique que l\u2019id\u00e9e de \u00abMains de lumi\u00e8re\u00bb trouve son origine dans des convictions esth\u00e9tiques se fondant sur la capture de la lumi\u00e8re, \u00e0 travers la couleur et les ondulations des traits et des formes. <em>\u00abLes mains de nos artistes, pionniers, jeunes et moins jeunes, sont des mains qui s\u2019unissent ensemble dans le don et la g\u00e9n\u00e9rosit\u00e9, \u00e9manant de l\u2019\u00e9ventail de la couleur et de sa cartographie, partageant ainsi la passion de l\u2019alchimie de la lumi\u00e8re\u00bb,<\/em> encha\u00eene-t-il. Quant \u00e0 la mise en exergue de la symbolique de la lumi\u00e8re dans cette exposition nationale, elle est, selon ses dires, <em>\u00abun vibrant hommage au projet royal \u00abRabat ville lumi\u00e8re,<span class=\"Apple-converted-space\">\u00a0<\/span> la capitale marocaine de la culture\u00bb<\/em> qui est en train de transformer cette agglom\u00e9ration en p\u00f4le culturel lumineux international parmi les grandes cit\u00e9s mondiales\u00bb. <span class=\"Apple-converted-space\">\u00a0 \u00a0<\/span><\/span><\/p>\n<p class=\"p2\"><span class=\"s1\">Pour rappel, cette exposition est pr\u00e9vue de se d\u00e9placer \u00e0 Marrakech, Tanger, T\u00e9touan, Oujda, El Jadida et L\u00e2ayoune. De quoi en faire b\u00e9n\u00e9ficier un large public. <span class=\"Apple-converted-space\">\u00a0 \u00a0 \u00a0 \u00a0 \u00a0<\/span><\/span><\/p>\n<p>Auteur: Salima Guisser<br \/>\n<a href=\"http:\/\/aujourdhui.ma\/culture\/lexposition-mains-de-lumiere-eblouit-des-etudiants-et-chercheurs\">Cliquez ici pour lire l&rsquo;article depuis sa source.<\/a><\/p>\n","protected":false},"excerpt":{"rendered":"<p>Elle se tient \u00e0 la galerie des expositions de l\u2019Universit\u00e9 Euromed de F\u00e8s Le tour, tout r\u00e9cemment, de l\u2019exposition nationale des arts plastiques \u00abMains de lumi\u00e8re\u00bb, \u00e0 la galerie des expositions de l\u2019Universit\u00e9 Euromed de F\u00e8s, laisse voir une panoplie de palettes assez color\u00e9es. Le visiteur est tellement \u00e9pris par les diff\u00e9rents tons qu\u2019il a [&hellip;]<\/p>\n","protected":false},"author":1759,"featured_media":0,"comment_status":"closed","ping_status":"closed","sticky":false,"template":"","format":"standard","meta":{"fifu_image_url":"","fifu_image_alt":"","footnotes":""},"categories":[73,54],"tags":[],"class_list":["post-41644","post","type-post","status-publish","format-standard","hentry","category-actualite","category-maroc"],"_links":{"self":[{"href":"https:\/\/linitiative.ca\/International\/wp-json\/wp\/v2\/posts\/41644","targetHints":{"allow":["GET"]}}],"collection":[{"href":"https:\/\/linitiative.ca\/International\/wp-json\/wp\/v2\/posts"}],"about":[{"href":"https:\/\/linitiative.ca\/International\/wp-json\/wp\/v2\/types\/post"}],"author":[{"embeddable":true,"href":"https:\/\/linitiative.ca\/International\/wp-json\/wp\/v2\/users\/1759"}],"replies":[{"embeddable":true,"href":"https:\/\/linitiative.ca\/International\/wp-json\/wp\/v2\/comments?post=41644"}],"version-history":[{"count":0,"href":"https:\/\/linitiative.ca\/International\/wp-json\/wp\/v2\/posts\/41644\/revisions"}],"wp:attachment":[{"href":"https:\/\/linitiative.ca\/International\/wp-json\/wp\/v2\/media?parent=41644"}],"wp:term":[{"taxonomy":"category","embeddable":true,"href":"https:\/\/linitiative.ca\/International\/wp-json\/wp\/v2\/categories?post=41644"},{"taxonomy":"post_tag","embeddable":true,"href":"https:\/\/linitiative.ca\/International\/wp-json\/wp\/v2\/tags?post=41644"}],"curies":[{"name":"wp","href":"https:\/\/api.w.org\/{rel}","templated":true}]}}