{"id":41645,"date":"2019-06-20T08:00:28","date_gmt":"2019-06-20T12:00:28","guid":{"rendered":"https:\/\/linitiative.ca\/International\/fonds-de-soutien-conjoint-a-la-cooperation-decentralisee-franco-marocaine-tiznit-parmi-les-laureats-de-la-premiere-tranche\/"},"modified":"2019-06-20T08:00:28","modified_gmt":"2019-06-20T12:00:28","slug":"fonds-de-soutien-conjoint-a-la-cooperation-decentralisee-franco-marocaine-tiznit-parmi-les-laureats-de-la-premiere-tranche","status":"publish","type":"post","link":"https:\/\/linitiative.ca\/International\/fonds-de-soutien-conjoint-a-la-cooperation-decentralisee-franco-marocaine-tiznit-parmi-les-laureats-de-la-premiere-tranche\/","title":{"rendered":"Fonds de soutien conjoint \u00e0 la coop\u00e9ration d\u00e9centralis\u00e9e franco-marocaine : Tiznit parmi les laur\u00e9ats de la premi\u00e8re tranche"},"content":{"rendered":"<p><img decoding=\"async\" class=\"post_layout_5_img\" src=\"http:\/\/aujourdhui.ma\/wp-content\/uploads\/2016\/04\/centre-ville-tiznit.jpg?x29840\" alt=\"Fonds de soutien conjoint \u00e0 la coop\u00e9ration d\u00e9centralis\u00e9e franco-marocaine : Tiznit parmi les laur\u00e9ats de la premi\u00e8re tranche\"\/><\/p>\n<p class=\"p1\"><span class=\"c4\"><strong>Le Fonds de soutien conjoint \u00e0 la coop\u00e9ration d\u00e9centralis\u00e9e franco-marocaine 2019-2021 vient d\u2019annoncer la liste des 11 projets laur\u00e9ats de la 1\u00e8re tranche 2019, dont un projet sur l\u2019appui des projets de d\u00e9veloppement durable et l\u2019\u00e9conomie sociale et solidaire au profit des jeunes de Tiznit pr\u00e9sent\u00e9 par le conseil provincial de Tiznit en partenariat avec la Communaut\u00e9 d\u2019agglom\u00e9ration du Pays d\u2019Issoire.<\/strong><\/span><\/p>\n<p class=\"p1\">Le minist\u00e8re de l\u2019Europe et des affaires \u00e9trang\u00e8res, avec l\u2019appui de l\u2019ambassade de France \u00e0 Rabat d\u2019une part, le minist\u00e8re marocain de l\u2019int\u00e9rieur d\u2019autre part ont lanc\u00e9 l\u2019appel \u00e0 projets triennal dans le cadre du dispositif conjoint sp\u00e9cifique \u00e0 la coop\u00e9ration d\u00e9centralis\u00e9e franco-marocaine. Il a pour objectif de soutenir le concours des collectivit\u00e9s fran\u00e7aises au renforcement des capacit\u00e9s \u00e0 la gouvernance territoriale et la formation des agents et \u00e9lus des collectivit\u00e9s territoriales marocaines.<\/p>\n<p class=\"p1\">La priorit\u00e9 affich\u00e9e de cet appel \u00e0 projets portait sur neuf th\u00e8mes relatifs entre autres \u00e0 la gouvernance territoriale et r\u00e9gionalisation, les services publics locaux: renforcement des capacit\u00e9s et ressources humaines, formation, et la transformation num\u00e9rique et digitalisation des services publics aux citoyens. L\u2019ensemble de ces th\u00e9matiques devant promouvoir l\u2019\u00e9galit\u00e9 entre les femmes et les hommes.<\/p>\n<p class=\"p1\">Pr\u00e9vu pour une dur\u00e9e de 3 ans (2019-2021), ce dispositif est pilot\u00e9 conjointement d\u2019une part par la D\u00e9l\u00e9gation pour l\u2019action ext\u00e9rieure des collectivit\u00e9s territoriales (DAECT), le Service de coop\u00e9ration et d\u2019action culturelle (SCAC) de l\u2019ambassade de France \u00e0 Rabat et d\u2019autre part par la Direction g\u00e9n\u00e9rale des collectivit\u00e9s locales du minist\u00e8re de l\u2019int\u00e9rieur marocain et l\u2019ambassade du Maroc en France.<\/p>\n<p class=\"p1\">Le minist\u00e8re de l\u2019Europe et des affaires \u00e9trang\u00e8res, d\u00e9l\u00e9gation pour l\u2019action ext\u00e9rieure des collectivit\u00e9s territoriales, dote ce dispositif de 750.000 euros pour 3 ans, sous r\u00e9serve des inscriptions budg\u00e9taires correspondantes dans la loi de Finances. Le minist\u00e8re de l\u2019int\u00e9rieur marocain, Direction g\u00e9n\u00e9rale des collectivit\u00e9s locales, l\u2019abonde \u00e0 hauteur de 8.250.000 dirhams pour la m\u00eame p\u00e9riode.<\/p>\n<p class=\"p1\">Ce programme s\u2019adresse aux collectivit\u00e9s territoriales fran\u00e7aises et marocaines et \u00e0 leurs groupements afin de recevoir des projets qui pourront \u00eatre cofinanc\u00e9s s\u2019ils sont s\u00e9lectionn\u00e9s, dans le cadre d\u2019un partenariat de coop\u00e9ration d\u00e9centralis\u00e9e.<\/p>\n<p class=\"p1\">Un projet qui n\u2019est \u00e9ligible que s\u2019il est pr\u00e9sent\u00e9 conjointement par au moins une collectivit\u00e9 territoriale fran\u00e7aise et une collectivit\u00e9 territoriale marocaine. La dur\u00e9e d\u2019ex\u00e9cution du projet sera comprise entre 12 et 36 mois. Chaque projet implique directement les collectivit\u00e9s territoriales dans leurs comp\u00e9tences ou leurs capacit\u00e9s \u00e0 mobiliser les acteurs de leurs territoires en partenariat avec une autre autorit\u00e9 locale.<\/p>\n<p>Auteur: Mohamed Laabid<br \/>\n<a href=\"http:\/\/aujourdhui.ma\/economie\/fonds-de-soutien-conjoint-a-la-cooperation-decentralisee-franco-marocaine-tiznit-parmi-les-laureats-de-la-premiere-tranche\">Cliquez ici pour lire l&rsquo;article depuis sa source.<\/a><\/p>\n","protected":false},"excerpt":{"rendered":"<p>Le Fonds de soutien conjoint \u00e0 la coop\u00e9ration d\u00e9centralis\u00e9e franco-marocaine 2019-2021 vient d\u2019annoncer la liste des 11 projets laur\u00e9ats de la 1\u00e8re tranche 2019, dont un projet sur l\u2019appui des projets de d\u00e9veloppement durable et l\u2019\u00e9conomie sociale et solidaire au profit des jeunes de Tiznit pr\u00e9sent\u00e9 par le conseil provincial de Tiznit en partenariat avec [&hellip;]<\/p>\n","protected":false},"author":1759,"featured_media":0,"comment_status":"closed","ping_status":"closed","sticky":false,"template":"","format":"standard","meta":{"fifu_image_url":"","fifu_image_alt":"","footnotes":""},"categories":[73,54],"tags":[],"class_list":["post-41645","post","type-post","status-publish","format-standard","hentry","category-actualite","category-maroc"],"_links":{"self":[{"href":"https:\/\/linitiative.ca\/International\/wp-json\/wp\/v2\/posts\/41645","targetHints":{"allow":["GET"]}}],"collection":[{"href":"https:\/\/linitiative.ca\/International\/wp-json\/wp\/v2\/posts"}],"about":[{"href":"https:\/\/linitiative.ca\/International\/wp-json\/wp\/v2\/types\/post"}],"author":[{"embeddable":true,"href":"https:\/\/linitiative.ca\/International\/wp-json\/wp\/v2\/users\/1759"}],"replies":[{"embeddable":true,"href":"https:\/\/linitiative.ca\/International\/wp-json\/wp\/v2\/comments?post=41645"}],"version-history":[{"count":0,"href":"https:\/\/linitiative.ca\/International\/wp-json\/wp\/v2\/posts\/41645\/revisions"}],"wp:attachment":[{"href":"https:\/\/linitiative.ca\/International\/wp-json\/wp\/v2\/media?parent=41645"}],"wp:term":[{"taxonomy":"category","embeddable":true,"href":"https:\/\/linitiative.ca\/International\/wp-json\/wp\/v2\/categories?post=41645"},{"taxonomy":"post_tag","embeddable":true,"href":"https:\/\/linitiative.ca\/International\/wp-json\/wp\/v2\/tags?post=41645"}],"curies":[{"name":"wp","href":"https:\/\/api.w.org\/{rel}","templated":true}]}}