{"id":41648,"date":"2019-06-20T05:46:35","date_gmt":"2019-06-20T09:46:35","guid":{"rendered":"https:\/\/linitiative.ca\/International\/morsi-un-mort-qui-va-faire-du-bruit\/"},"modified":"2019-06-20T05:46:35","modified_gmt":"2019-06-20T09:46:35","slug":"morsi-un-mort-qui-va-faire-du-bruit","status":"publish","type":"post","link":"https:\/\/linitiative.ca\/International\/morsi-un-mort-qui-va-faire-du-bruit\/","title":{"rendered":"Morsi, un mort qui va faire du bruit\u2026"},"content":{"rendered":"<p class=\"yiv7545492717m2673614890297794305gmail-msonospacing c5\"><span class=\"c4\"><strong><em><span class=\"c3\">\u00ab<span class=\"c2\">I<\/span>l a parl\u00e9 devant le juge pendant 20 minutes puis il s\u2019est anim\u00e9 et s\u2019est \u00e9vanoui. On l\u2019a vite emmen\u00e9 \u00e0 l\u2019h\u00f4pital o\u00f9 il est mort plus tard\u00bb<\/span><\/em><span class=\"c3\">.<\/span><\/strong><\/span><\/p>\n<p class=\"yiv7545492717m2673614890297794305gmail-msonospacing c7\"><span class=\"c6\">C\u2019est en ces termes que ce lundi 17 juin des sources judiciaires ont signal\u00e9 \u00e0 l\u2019AFP la mort, apr\u00e8s une audition au Tribunal du Caire, de l\u2019ancien pr\u00e9sident \u00e9gyptien Mohamed Morsi, 67 ans. Premier pr\u00e9sident \u00e9gyptien d\u00e9mocratiquement \u00e9lu et issu des \u00abFr\u00e8res musulmans\u00bb, il avait \u00e9t\u00e9 accus\u00e9 de fomenter des actes terroristes. Rapidement \u00e9cart\u00e9 du pouvoir \u00e0 la suite d\u2019un coup d\u2019Etat perp\u00e9tr\u00e9 par son ministre de la D\u00e9fense, le Mar\u00e9chal Abdelfattah Al Sissi \u2013 actuel chef de l\u2019Etat \u2013 il avait \u00e9t\u00e9 maintenu en d\u00e9tention depuis 2013 pour plusieurs chefs d\u2019inculpation dont principalement l\u2019espionnage pour le compte de l\u2019Iran, du Qatar et du Hamas \u00e0 Gaza.<\/span><\/p>\n<p class=\"yiv7545492717m2673614890297794305gmail-msonospacing c7\"><span class=\"c6\">Apr\u00e8s ce coup de force de l\u2019arm\u00e9e, des milliers de membres des \u00abFr\u00e8res musulmans\u00bb et\u00a0\u00a0l\u2019insurrection jihadiste qui s\u2019en \u00e9tait suivie et qui avait vis\u00e9 les forces s\u2019\u00e9tait sold\u00e9e par la mort de centaines de policiers et de soldats et ce, principalement dans le nord-Sina\u00ef, devenu, depuis lors, un bastion du groupe Etat islamique.<\/span><\/p>\n<p class=\"yiv7545492717m2673614890297794305gmail-msonospacing c7\"><span class=\"c6\">La t\u00e9l\u00e9vision d\u2019Etat qui a \u00e9voqu\u00e9 une mort cons\u00e9cutive \u00e0 \u00abun arr\u00eat cardiaque\u00bb a diffus\u00e9 un communiqu\u00e9 du parquet g\u00e9n\u00e9ral \u00e9gyptien attestant que \u00able tribunal lui a accord\u00e9 le droit de parler pendant cinq minutes (\u2026) Il est tomb\u00e9 sur le sol dans la cage des accus\u00e9s (\u2026) et a imm\u00e9diatement \u00e9t\u00e9 transport\u00e9 \u00e0 l\u2019h\u00f4pital o\u00f9 il est d\u00e9c\u00e9d\u00e9\u00bb. Le communiqu\u00e9 ajoutera qu\u2019\u00abil\u00a0\u00a0est arriv\u00e9 \u00e0 l\u2019h\u00f4pital \u00e0 16 h 50 pr\u00e9cises et (qu\u2019) il n\u2019y avait aucune blessure nouvelle visible sur son corps\u00bb.<\/span><\/p>\n<p class=\"yiv7545492717m2673614890297794305gmail-msonospacing c7\"><span class=\"c6\">D\u00e8s l\u2019annonce de la mort de l\u2019ancien pr\u00e9sident \u00e9gyptien, dont les conditions de d\u00e9tention \u00e9taient r\u00e9guli\u00e8rement point\u00e9es du doigt par les organisations de d\u00e9fense des droits humains, Rupert Colville, le porte-parole du Haut Commissariat des Nations-Unies aux droits de l\u2019Homme, auquel plusieurs ONG ont imm\u00e9diatement emboit\u00e9 le pas, a r\u00e9clam\u00e9 qu\u2019une enqu\u00eate \u00ab\u00a0minutieuse et ind\u00e9pendante\u00a0\u00bb soit diligent\u00e9e dans les plus brefs d\u00e9lais au motif que \u00abtoute mort soudaine doit \u00eatre suivie d\u2019une enqu\u00eate rapide, impartiale, minutieuse et transparente men\u00e9e par un organe ind\u00e9pendant afin de faire la lumi\u00e8re sur la cause du d\u00e9c\u00e8s\u00bb.<\/span><\/p>\n<p class=\"yiv7545492717m2673614890297794305gmail-msonospacing c7\"><span class=\"c6\">Et si, par ailleurs, il n\u2019y avait plus de relations diplomatiques entre Ankara et Le Caire depuis l\u2019\u00e9viction du pr\u00e9sident Morsi par son ministre de la D\u00e9fense devenu pr\u00e9sident depuis lors, le Pr\u00e9sident turc Recep Tayyip Erdogan a \u00e9t\u00e9 le premier chef d\u2019Etat \u00e9tranger \u00e0 d\u00e9plorer, devant un parterre de journalistes, la mort de celui qui, comme lui, est issu de la mouvance islamiste en d\u00e9clarant\u00a0: \u00abComme vous le savez, le tyran Al-Sissi, qui a pris le pouvoir en Egypte en supprimant la d\u00e9mocratie \u00e0 travers un coup d\u2019Etat, a, jusqu\u2019ici, fait ex\u00e9cuter pr\u00e8s de 50 \u00e9gyptiens alors que l\u2019Occident garde le silence\u00bb. Il ajoutera\u00a0: \u00abQue Dieu accorde sa mis\u00e9ricorde \u00e0 notre martyr, notre fr\u00e8re Morsi\u00bb.<\/span><\/p>\n<p class=\"yiv7545492717m2673614890297794305gmail-msonospacing c7\"><span class=\"c6\">Cheikh Tamim Ben Hamad Al-Tani, l\u2019\u00e9mir du Qatar, a, pour sa part, exprim\u00e9 \u00absa profonde tristesse\u00bb et adress\u00e9 ses \u00abcondol\u00e9ances fraternelles \u00e0 sa famille et au peuple \u00e9gyptien\u00bb.<\/span><\/p>\n<p class=\"yiv7545492717m2673614890297794305gmail-msonospacing c7\"><span class=\"c6\">Aux journalistes de l\u2019AFP venus l\u2019interroger, Abdelmouneim Abdel Maksoud, l\u2019un de ses avocats, a d\u00e9clar\u00e9 n\u2019avoir m\u00eame pas pu \u00able voir au tribunal \u00e0 cause des parois de verre blind\u00e9 du box insonoris\u00e9\u00bb et que ce sont d\u2019autres d\u00e9tenus qui lui ont fait savoir, par des signes, \u00abqu\u2019il n\u2019avait plus de pouls\u00bb avant de le voir \u00abemport\u00e9 dans une civi\u00e8re\u00bb de la prison de Tora vers un h\u00f4pital. Lequel\u00a0? Personne ne sait sauf ses ge\u00f4liers.<\/span><\/p>\n<p class=\"yiv7545492717m2673614890297794305gmail-msonospacing c7\"><span class=\"c6\">D\u00e9clarant, dans un communiqu\u00e9, que les mauvaises conditions de d\u00e9tention du d\u00e9funt n\u2019avaient pas d\u2019autre but que celui \u00abde tuer \u00e0 petit feu\u00bb l\u2019ancien pr\u00e9sident \u00e9gyptien, le Parti de la Libert\u00e9 et de la Justice de Mohamed Morsi, bras politique des \u00abFr\u00e8res musulmans\u00bb, d\u00e9plore, pour sa part,\u00a0\u00a0un odieux \u00abassassinat\u00bb; ce qui va immanquablement relancer le conflit entre les autorit\u00e9s \u00e9gyptiennes qui, \u00e0 l\u2019occasion, font montre d\u2019un silence assourdissant et la confr\u00e9rie des \u00abFr\u00e8res musulmans\u00bb, diss\u00e9min\u00e9e \u00e0 travers l\u2019ensemble du monde musulman qui, en criant, haut et fort, que Morsi est tomb\u00e9 en \u00abmartyr\u00bb de la r\u00e9pression exerc\u00e9e par l\u2019Etat \u00e9gyptien va, sans nul doute, appeler au jihad\u00a0qui, \u00e0 l\u2019approche de l\u2019\u00e9t\u00e9, ne peut que nuire grandement \u00e0 la vocation touristique du pays des pharaons. Quoiqu\u2019il en soit, attendons pour voir\u2026<\/span><\/p>\n<p class=\"yiv7545492717m2673614890297794305gmail-msonospacing c9\"><strong><span class=\"c8\">Nabil El Bousaadi<\/span><\/strong><\/p>\n<p>Auteur: rahal mehamed<br \/>\n<a href=\"http:\/\/albayane.press.ma\/morsi-un-mort-qui-va-faire-du-bruit.html\">Cliquez ici pour lire l&rsquo;article depuis sa source.<\/a><\/p>\n","protected":false},"excerpt":{"rendered":"<p>\u00abIl a parl\u00e9 devant le juge pendant 20 minutes puis il s\u2019est anim\u00e9 et s\u2019est \u00e9vanoui. On l\u2019a vite emmen\u00e9 \u00e0 l\u2019h\u00f4pital o\u00f9 il est mort plus tard\u00bb. C\u2019est en ces termes que ce lundi 17 juin des sources judiciaires ont signal\u00e9 \u00e0 l\u2019AFP la mort, apr\u00e8s une audition au Tribunal du Caire, de l\u2019ancien [&hellip;]<\/p>\n","protected":false},"author":1760,"featured_media":0,"comment_status":"closed","ping_status":"closed","sticky":false,"template":"","format":"standard","meta":{"fifu_image_url":"","fifu_image_alt":"","footnotes":""},"categories":[73,54],"tags":[],"class_list":["post-41648","post","type-post","status-publish","format-standard","hentry","category-actualite","category-maroc"],"_links":{"self":[{"href":"https:\/\/linitiative.ca\/International\/wp-json\/wp\/v2\/posts\/41648","targetHints":{"allow":["GET"]}}],"collection":[{"href":"https:\/\/linitiative.ca\/International\/wp-json\/wp\/v2\/posts"}],"about":[{"href":"https:\/\/linitiative.ca\/International\/wp-json\/wp\/v2\/types\/post"}],"author":[{"embeddable":true,"href":"https:\/\/linitiative.ca\/International\/wp-json\/wp\/v2\/users\/1760"}],"replies":[{"embeddable":true,"href":"https:\/\/linitiative.ca\/International\/wp-json\/wp\/v2\/comments?post=41648"}],"version-history":[{"count":0,"href":"https:\/\/linitiative.ca\/International\/wp-json\/wp\/v2\/posts\/41648\/revisions"}],"wp:attachment":[{"href":"https:\/\/linitiative.ca\/International\/wp-json\/wp\/v2\/media?parent=41648"}],"wp:term":[{"taxonomy":"category","embeddable":true,"href":"https:\/\/linitiative.ca\/International\/wp-json\/wp\/v2\/categories?post=41648"},{"taxonomy":"post_tag","embeddable":true,"href":"https:\/\/linitiative.ca\/International\/wp-json\/wp\/v2\/tags?post=41648"}],"curies":[{"name":"wp","href":"https:\/\/api.w.org\/{rel}","templated":true}]}}