{"id":41649,"date":"2019-06-20T06:01:11","date_gmt":"2019-06-20T10:01:11","guid":{"rendered":"https:\/\/linitiative.ca\/International\/les-lions-de-latlas-en-egypte-pour-un-deuxieme-exploit\/"},"modified":"2019-06-20T06:01:11","modified_gmt":"2019-06-20T10:01:11","slug":"les-lions-de-latlas-en-egypte-pour-un-deuxieme-exploit","status":"publish","type":"post","link":"https:\/\/linitiative.ca\/International\/les-lions-de-latlas-en-egypte-pour-un-deuxieme-exploit\/","title":{"rendered":"Les Lions de l\u2019Atlas en Egypte pour un deuxi\u00e8me exploit"},"content":{"rendered":"<p class=\"c4\"><strong><span class=\"c2\">L<\/span><span class=\"c3\">a s\u00e9lection nationale marocaine est arriv\u00e9e en Egypte, mardi dans la soir\u00e9e, \u00e0 3 jours du d\u00e9but de \u00a0la phase finale de la Coupe d\u2019Afrique des Nations (CAN 2019), qui se tiendra entre le 21 juin et 19 juillet prochain.<\/span><\/strong><\/p>\n<p class=\"c4\">\u00a0A son arriv\u00e9e \u00e0 l\u2019a\u00e9roport international du Caire, la d\u00e9l\u00e9gation de l\u2019\u00e9quipe nationale a \u00e9t\u00e9 accueillie par l\u2019ambassadeur du Maroc en Egypte, M. Ahmed Tazi et les membres de l\u2019ambassade du Royaume ainsi que par plusieurs membres de la communaut\u00e9 marocaine venus en masse exprimer leur soutien aux Lions de l\u2019Atlas. 4 jours de leur entr\u00e9e en lice, les Lions de l\u2019Atlas ont entam\u00e9 mercredi les premi\u00e8res s\u00e9ances d\u2019entrainements au Caire.<\/p>\n<p class=\"c4\">Pour leur premi\u00e8re sortie officielle, les Lions de Renard log\u00e9s dans le groupe D, vont en d\u00e9coudre avec leurs homologues de la Namibie au stade Assalam du Caire, le 23 juin courant.<\/p>\n<p class=\"c4\">La deuxi\u00e8me rencontre sera disput\u00e9e, le 28 juin, contre les El\u00e9phants de la C\u00f4te d\u2019Ivoire, avant de retrouver les Bafana Bafana d\u2019Afrique du Sud, le premier juillet prochain, pour la derni\u00e8re sortie de la phase de poules.<\/p>\n<p class=\"c4\">Ce sont l\u00e0 des matches qui semblent difficiles pour les Lions de l\u2019Atlas qui n\u2019ont pas pu confirmer leur m\u00e9rite en s\u2019inclinant lors des r\u00e9cents matches amicaux et face m\u00eame \u00e0 des s\u00e9lections africaines non qualifi\u00e9es pour la CAN \u00e0 savoir\u00a0: la Gambie et la Zambie qui se sont impos\u00e9es sur le score de (0-1 et 2-3), la semaine \u00e9coul\u00e9e \u00e0 Marrakech.<\/p>\n<p class=\"c4\">Il s\u2019agissait l\u00e0 de la 3<sup>e<\/sup> d\u00e9faite de l\u2019\u00e9quipe nationale apr\u00e8s la premi\u00e8re encaiss\u00e9e face \u00e0 l\u2019Argentine (0-1) en mars dernier \u00e0 Tanger.<\/p>\n<p class=\"c4\">Esp\u00e9rons que les Lions de l\u2019Atlas abordent les choses s\u00e9rieuses de la CAN avec un esprit tout \u00e0 fait diff\u00e9rent que celui des matches amicaux notamment les deux derniers perdus d\u2019une mani\u00e8re bizzare.<\/p>\n<p class=\"c4\">Que les le\u00e7ons qui s\u2019imposent soit bien tir\u00e9es pour l\u2019\u00e9quipe nationale qui s\u2019est d\u00e9plac\u00e9e en Egypte avec un effectif de 24 \u00e9l\u00e9ments mais seulement 22 sont admis. Anas Zniti du Raja Casablanca (4<sup>e<\/sup> gardien de but) et Abdelkrim Baadi (d\u00e9fenseur du Hassania Agadir) qui ont accompagn\u00e9 l\u2019\u00e9quipe nationale au Caire ne sont malheureusement pas d\u00e9clar\u00e9s dans la liste d\u00e9finitive de l\u2019\u00e9quipe nationale transmise \u00e0 la CAF.Les Lions de l\u2019Atlas devront donc n\u00e9gocier les matches de la CAN avec<\/p>\n<p class=\"c4\">22 \u00e9l\u00e9ments apr\u00e8s le forfait d\u2019Abderrazzak Hamdallah \u00e0 la surprise g\u00e9n\u00e9rale, au terme du match amical perdu face \u00e0 la Gambie, la semaine derni\u00e8re.<\/p>\n<p class=\"c4\">C\u2019est ainsi et comme attendu, l\u2019\u00e9quipe nationale aura \u00e0 n\u00e9gocier les matches de cette CAN sans aucun joueur du championnat national. Le gardien Ahmad Reda Tagnaouti (Wydad Casablanca), reste le seul botoliste de la CAN mais seulement avec une troisi\u00e8me place sur le banc de touche derri\u00e8re les pr\u00e9f\u00e9r\u00e9s de Renard, les soci\u00e9taires de Malaga, Mounir El Kajoui et de G\u00e9rone, Yassine Bounou.<\/p>\n<p class=\"c4\">Et dire que Tagnaouti est choisi meilleur portier de la Botola, tout comme Mohcine Iajor meilleur buteur et qui est toujours ignor\u00e9 en compagnie d\u2019autres joueurs de la Botola qui ont certainement leur place en \u00e9quipe nationale mais Herv\u00e9 Renard voit autrement en favorisant seulement ses joueurs amis en Europe dont ceux qui ont opt\u00e9 pour les championnats arabe du Golfe\u2026<\/p>\n<p class=\"c4\">Aussi, on peut avancer et sans aucune surench\u00e8re que dans le Onze type d\u2019Herv\u00e9 Renard si on ne veut parler de l\u2019ensemble de son effectif, il y a seulement 6 \u00e0 7 joueurs ayant le m\u00e9rite de porter le maillot de l\u2019\u00e9quipe nationale. Les autres ne le sont absolument pas et restent loin du niveau d\u2019une belle ossature de nos Botolistes dont ceux du Raja r\u00e9cemment vainqueur de deux titres africains, la Coupe de la CAF et la Supercoupe, ainsi que du Wydad finaliste de la Ligue des Champions pour ne citer que ces deux clubs casablancais\u2026<\/p>\n<p class=\"c4\">A Renard donc, d\u00e9clar\u00e9 partant, d\u2019assumer ses responsabilit\u00e9s si jamais ses Lions d\u2019Europe et du Golf n\u2019arrivent pas \u00e0 honorer leur mission et aller le plus loin possible en cette CAN dont le titre nous faut d\u00e9faut depuis plus de 40 ans quand le Maroc avait remport\u00e9 le premier et seul sacre en 1976\u2026<\/p>\n<p class=\"c5\"><strong>Rachid Lebchir<\/strong><\/p>\n<p>Auteur: rahal mehamed<br \/>\n<a href=\"http:\/\/albayane.press.ma\/les-lions-de-latlas-en-egypte-pour-un-deuxieme-exploit.html\">Cliquez ici pour lire l&rsquo;article depuis sa source.<\/a><\/p>\n","protected":false},"excerpt":{"rendered":"<p>La s\u00e9lection nationale marocaine est arriv\u00e9e en Egypte, mardi dans la soir\u00e9e, \u00e0 3 jours du d\u00e9but de \u00a0la phase finale de la Coupe d\u2019Afrique des Nations (CAN 2019), qui se tiendra entre le 21 juin et 19 juillet prochain. \u00a0A son arriv\u00e9e \u00e0 l\u2019a\u00e9roport international du Caire, la d\u00e9l\u00e9gation de l\u2019\u00e9quipe nationale a \u00e9t\u00e9 [&hellip;]<\/p>\n","protected":false},"author":1760,"featured_media":0,"comment_status":"closed","ping_status":"closed","sticky":false,"template":"","format":"standard","meta":{"fifu_image_url":"","fifu_image_alt":"","footnotes":""},"categories":[73,54],"tags":[],"class_list":["post-41649","post","type-post","status-publish","format-standard","hentry","category-actualite","category-maroc"],"_links":{"self":[{"href":"https:\/\/linitiative.ca\/International\/wp-json\/wp\/v2\/posts\/41649","targetHints":{"allow":["GET"]}}],"collection":[{"href":"https:\/\/linitiative.ca\/International\/wp-json\/wp\/v2\/posts"}],"about":[{"href":"https:\/\/linitiative.ca\/International\/wp-json\/wp\/v2\/types\/post"}],"author":[{"embeddable":true,"href":"https:\/\/linitiative.ca\/International\/wp-json\/wp\/v2\/users\/1760"}],"replies":[{"embeddable":true,"href":"https:\/\/linitiative.ca\/International\/wp-json\/wp\/v2\/comments?post=41649"}],"version-history":[{"count":0,"href":"https:\/\/linitiative.ca\/International\/wp-json\/wp\/v2\/posts\/41649\/revisions"}],"wp:attachment":[{"href":"https:\/\/linitiative.ca\/International\/wp-json\/wp\/v2\/media?parent=41649"}],"wp:term":[{"taxonomy":"category","embeddable":true,"href":"https:\/\/linitiative.ca\/International\/wp-json\/wp\/v2\/categories?post=41649"},{"taxonomy":"post_tag","embeddable":true,"href":"https:\/\/linitiative.ca\/International\/wp-json\/wp\/v2\/tags?post=41649"}],"curies":[{"name":"wp","href":"https:\/\/api.w.org\/{rel}","templated":true}]}}