{"id":41650,"date":"2019-06-20T06:09:39","date_gmt":"2019-06-20T10:09:39","guid":{"rendered":"https:\/\/linitiative.ca\/International\/repondre-aux-besoins-de-sante-des-populations\/"},"modified":"2019-06-20T06:09:39","modified_gmt":"2019-06-20T10:09:39","slug":"repondre-aux-besoins-de-sante-des-populations","status":"publish","type":"post","link":"https:\/\/linitiative.ca\/International\/repondre-aux-besoins-de-sante-des-populations\/","title":{"rendered":"R\u00e9pondre aux besoins de sant\u00e9 des populations"},"content":{"rendered":"<p class=\"c3\"><span class=\"c2\"><strong>Conf\u00e9rence Nationale sur le Financement de la Sant\u00e9<\/strong><\/span><\/p>\n<p class=\"c5\"><strong><span class=\"c2\">S<\/span><span class=\"c4\">ous le haut patronage de sa majest\u00e9 le roi Mohamed VI, le minist\u00e8re de la sant\u00e9\u00a0 organise les 18 et 19 Juin 2019 \u00e0 Rabat, la conf\u00e9rence nationale sur le financement de la sant\u00e9 sous le th\u00e8me: \u00abQuel mod\u00e8le de financement pour la couverture sanitaire universelle?\u00bb.<\/span><\/strong><\/p>\n<p class=\"c5\">Organis\u00e9e \u00e0 l\u2019initiative du Minist\u00e8re de la sant\u00e9, et en partenariat avec l\u2019organisation mondiale de la sant\u00e9 (OMS), la banque mondiale, l\u2019Union Europ\u00e9enne et la Banque Africaine de d\u00e9veloppement, cette conf\u00e9rence de haut niveau a \u00e9t\u00e9 inaugur\u00e9e par Saad Eddine El Othmani, chef du gouvernement et Anas Doukkali, ministre de la sant\u00e9.<\/p>\n<p class=\"c5\">Cette conf\u00e9rence nationale sur le financement de la sant\u00e9 au Maroc intervient \u00e0 un moment charni\u00e8re o\u00f9 le minist\u00e8re de la sant\u00e9 entreprend des efforts sur tous les fronts et d\u00e9ploie d\u2019\u00e9normes moyens financiers, humains et mat\u00e9riels pour renforcer notre syst\u00e8me de sant\u00e9 afin d\u2019\u00e9largir la couverture m\u00e9dicale de base pour tendre vers la couverture sanitaire universelle (CSU).<\/p>\n<p class=\"c5\">Cette conf\u00e9rence dont l\u2019importance n\u2019\u00e9chappe \u00e0 personne a connu la participation de plus de 200 personnes, dont des ministres, des acteurs politiques, des partenaires institutionnels et des experts en mati\u00e8re de financement de la sant\u00e9 nationaux et \u00e9trangers.<\/p>\n<p class=\"c5\"><strong>Le financement de la sant\u00e9 au c\u0153ur des d\u00e9bats<\/strong><\/p>\n<p class=\"c5\">Les travaux de la conf\u00e9rence se sont articul\u00e9s autour de la feuille de route pour l\u2019\u00e9laboration d\u2019une nouvelle strat\u00e9gie nationale de financement de la sant\u00e9 socialement abordable et \u00e9conomiquement soutenable , tout en assurant sa p\u00e9rennit\u00e9 dans le cadre d\u2019une gouvernance et d\u2019un ancrage institutionnel r\u00e9nov\u00e9s et adapt\u00e9s.<\/p>\n<p class=\"c5\">Cette conf\u00e9rence vise \u00e0 accompagner la mise en \u0153uvre de la couverture universelle en lien avec les objectifs escompt\u00e9s dans le cadre du plan sant\u00e9 2025 qui avait \u00e9t\u00e9 pr\u00e9sent\u00e9 par le ministre de la sant\u00e9 Anas Doukkali.<\/p>\n<p class=\"c5\">Cette conf\u00e9rence va permettre aussi au Maroc de b\u00e9n\u00e9ficier du retour d\u2019exp\u00e9rience au niveau international en vue d\u2019identifier les bonnes pratiques \u00e0 mettre en \u0153uvre en tenant compte du contexte national.<\/p>\n<p class=\"c5\">A cet effet, il est utile de rappeler ici que l\u2019ach\u00e8vement de la Couverture Sanitaire Universelle est confront\u00e9 \u00e0 plusieurs d\u00e9fis li\u00e9s au financement notamment une forte contribution des m\u00e9nages (50%) \u00e0 la prise en charge des co\u00fbts de soins ainsi que la viabilit\u00e9 financi\u00e8re du RAMED et des r\u00e9gimes d\u2019assurance maladie.<\/p>\n<p class=\"c5\">Ces th\u00e9matiques parmi d\u2019autres feront l\u2019objet d\u2019analyse et de d\u00e9bat de cette conf\u00e9rence qui s\u2019articule autour de deux sessions pl\u00e9ni\u00e8res, r\u00e9serv\u00e9es au partage des exp\u00e9riences nationales et internationales en mati\u00e8re de financement de la sant\u00e9 et de sa gouvernance ainsi que de six ateliers d\u2019\u00e9changes des exp\u00e9riences en vue d\u2019aboutir \u00e0 des recommandations pour l\u2019\u00e9laboration de la nouvelle strat\u00e9gie de financement de la sant\u00e9 au Maroc.<\/p>\n<p class=\"c5\"><strong>Haute sollicitude Royale envers le secteur de la sant\u00e9<\/strong><\/p>\n<p class=\"c5\">Ce qui importe le plus, c\u2019est de saisir l\u2019opportunit\u00e9 qui s\u2019offre \u00e0 notre syst\u00e8me de sant\u00e9 pour aller de l\u2019avant, d\u2019exceller, de devenir tr\u00e8s performant, qu\u2019il puisse r\u00e9pondre \u00e0 toutes les demandes de soins de sant\u00e9 de l\u2019ensemble de nos concitoyens. Ce d\u00e9fi est \u00e0 la port\u00e9e des responsables et d\u00e9cideurs du d\u00e9partement de la sant\u00e9 et ce gr\u00e2ce \u00e0 la haute sollicitude Royale sans cesse renouvel\u00e9e envers le secteur de la sant\u00e9, ce qui t\u00e9moigne de la forte volont\u00e9 de Sa Majest\u00e9 le Roi de hisser le secteur de la sant\u00e9 au rang des grandes priorit\u00e9s nationales.<\/p>\n<p class=\"c5\">Aujourd\u2019hui, le Maroc a acquis une exp\u00e9rience respectable dans le domaine de la couverture sanitaire et ce a travers les r\u00e9gimes AMO et RAMED, qui ont permis\u00a0 de couvrir plus de 62 % de notre population. Le minist\u00e8re de la sant\u00e9 entreprend tout pour faire aboutir et concr\u00e9tiser la couverture sanitaire universelle, \u00a0pour permettre \u00e0 toutes et \u00e0 tous l\u2019acc\u00e8s \u00e9quitable chacun selon ses propres besoins \u00e0 des services de sant\u00e9 complets (pr\u00e9ventifs, curatifs, palliatifs, de r\u00e9adaptation et de promotion), des prestations de qualit\u00e9, sans risquer de se ruiner financi\u00e8rement ou de s\u2019appauvrir.<\/p>\n<p class=\"c5\">Nous avons en notre possession tous les \u00e9l\u00e9ments pour instaurer un syst\u00e8me de sant\u00e9 \u00e0 la fois moderne et durable reposant sur les principes de l\u2019universalit\u00e9, de l\u2019\u00e9quit\u00e9, de la qualit\u00e9, et de la p\u00e9rennit\u00e9, ce qui se traduira par une meilleure qualit\u00e9 de vie saine et la promotion du bien-\u00eatre pour tous \u00e0 tous \u00e2ges.<\/p>\n<p class=\"c5\"><strong>Engagement ferme du gouvernement pour un financement efficient<\/strong><\/p>\n<p class=\"c5\">S\u2019exprimant \u00e0 l\u2019ouverture de la Conf\u00e9rence nationale sur le financement de la sant\u00e9,\u00a0 le chef du gouvernement Saad El Othmani a soulign\u00e9 que le droit d\u2019acc\u00e8s \u00e0 la couverture sanitaire constitue un droit constitutionnel inali\u00e9nable et que le programme gouvernemental a insist\u00e9 sur l\u2019am\u00e9lioration et la garantie d\u2019une offre sanitaire de qualit\u00e9. Dans ce sens, monsieur Saad El Othmani a rappel\u00e9 que la couverture m\u00e9dicale englobera les travailleurs non-salari\u00e9s, un chantier en cours de finalisation pour sa mise en \u0153uvre et qui d\u00e9note de la volont\u00e9 du Maroc \u00e0 aller de l\u2019avant pour r\u00e9ussir ce projet r\u00e9formateur.<br \/>Cette importante manifestation nationale se veut ainsi une occasion pour r\u00e9it\u00e9rer l\u2019engagement ferme du gouvernement en faveur d\u2019un financement efficient et efficace du syst\u00e8me de sant\u00e9 national.<\/p>\n<p class=\"c5\">Nous recherchons \u00e0 ce que notre approche du financement de la sant\u00e9 soit sociale, \u00e9conomique et int\u00e9gr\u00e9e,\u00a0 a-t-il dit, citant dans ce cadre l\u2019\u00e9laboration d\u2019un projet de loi portant sur le d\u00e9veloppement de partenariat public-priv\u00e9 d\u00e9di\u00e9 au financement du secteur.<\/p>\n<p class=\"c5\"><strong>Au-del\u00e0 du financement<\/strong><\/p>\n<p class=\"c5\">Il n\u2019est un secret pour personne, que le minist\u00e8re de la sant\u00e9 entreprend actuellement de grands efforts pour relever et hisser haut et fort le niveau et la qualit\u00e9 des soins de sant\u00e9, qui sont mis \u00e0 la disposition de nos concitoyens \u00e0 travers toutes les r\u00e9gions de notre pays. \u00a0Anas Doukkali tient \u00e0 suivre personnellement tous les processus et \u00e9tapes qui sont mis en place pour accueillir, servir, soigner\u00a0 les patients , tant au niveau des \u00e9tablissements de soins de sant\u00e9 de base ( ESSB), qu\u2019au niveau des \u00e9tablissements hospitaliers de premier , \u00a0second ou troisi\u00e8me niveau.<\/p>\n<p class=\"c5\">L\u2019objectif escompt\u00e9 est d\u2019assurer l\u2019\u00e9quit\u00e9 de l\u2019offre de soins entre r\u00e9gions et milieux rural et urbain. Depuis sa nomination,\u00a0 le ministre de la sant\u00e9 Anas Doukkali et son d\u00e9partement ne m\u00e9nagent aucun effort pour faciliter l\u2019acc\u00e8s aux soins pour les plus d\u00e9munis, pour la population rurale, en particulier les habitants des zones difficiles d\u2019acc\u00e8s \u00a0et des zones enclav\u00e9es.<br \/>Par son engagement constant, sa pr\u00e9sence niveau du terrain aux c\u00f4t\u00e9s des professionnels de la sant\u00e9, mais aussi des malades et de leurs familles, le ministre donne l\u2019exemple et des signaux forts\u00a0 pour concilier les citoyens avec les structures de sant\u00e9.<br \/>Et au-del\u00e0 du financement, il s\u2019agit aussi et surtout de redonner et r\u00e9tablir la confiance du citoyen \u00e0 l\u2019\u00e9gard des \u00e9tablissements sanitaires. Pour atteindre ces objectifs, chaque professionnel de sant\u00e9 (m\u00e9decin \u2013 infirmier \u2013 administratif) chacun doit revoir ses comportements, ses agissements.<\/p>\n<p class=\"c5\">La sant\u00e9 n\u2019est pas qu\u2019une question de financement, de m\u00e9dicaments, de mat\u00e9riel, non c\u2019est surtout une question de relation humaine, de confiance entre soignant et soign\u00e9, un aspect fondamental dans tout soin qui est prodigu\u00e9.<\/p>\n<p class=\"c5\">Il s\u2019agit donc d\u2019accorder une grande importance \u00e0 l\u2019am\u00e9lioration de l\u2019accueil au niveau de toutes les structures de sant\u00e9, de tous les services hospitaliers, les professionnels de sant\u00e9 doivent \u00eatre \u00e0 l\u2019\u00e9coute des patients et leurs familles.<\/p>\n<p class=\"c6\"><strong>Ouardirhi Abdelaziz<\/strong><\/p>\n<p>Auteur: rahal mehamed<br \/>\n<a href=\"http:\/\/albayane.press.ma\/repondre-aux-besoins-de-sante-des-populations.html\">Cliquez ici pour lire l&rsquo;article depuis sa source.<\/a><\/p>\n","protected":false},"excerpt":{"rendered":"<p>Conf\u00e9rence Nationale sur le Financement de la Sant\u00e9 Sous le haut patronage de sa majest\u00e9 le roi Mohamed VI, le minist\u00e8re de la sant\u00e9\u00a0 organise les 18 et 19 Juin 2019 \u00e0 Rabat, la conf\u00e9rence nationale sur le financement de la sant\u00e9 sous le th\u00e8me: \u00abQuel mod\u00e8le de financement pour la couverture sanitaire universelle?\u00bb. Organis\u00e9e [&hellip;]<\/p>\n","protected":false},"author":1760,"featured_media":0,"comment_status":"closed","ping_status":"closed","sticky":false,"template":"","format":"standard","meta":{"fifu_image_url":"","fifu_image_alt":"","footnotes":""},"categories":[73,54],"tags":[],"class_list":["post-41650","post","type-post","status-publish","format-standard","hentry","category-actualite","category-maroc"],"_links":{"self":[{"href":"https:\/\/linitiative.ca\/International\/wp-json\/wp\/v2\/posts\/41650","targetHints":{"allow":["GET"]}}],"collection":[{"href":"https:\/\/linitiative.ca\/International\/wp-json\/wp\/v2\/posts"}],"about":[{"href":"https:\/\/linitiative.ca\/International\/wp-json\/wp\/v2\/types\/post"}],"author":[{"embeddable":true,"href":"https:\/\/linitiative.ca\/International\/wp-json\/wp\/v2\/users\/1760"}],"replies":[{"embeddable":true,"href":"https:\/\/linitiative.ca\/International\/wp-json\/wp\/v2\/comments?post=41650"}],"version-history":[{"count":0,"href":"https:\/\/linitiative.ca\/International\/wp-json\/wp\/v2\/posts\/41650\/revisions"}],"wp:attachment":[{"href":"https:\/\/linitiative.ca\/International\/wp-json\/wp\/v2\/media?parent=41650"}],"wp:term":[{"taxonomy":"category","embeddable":true,"href":"https:\/\/linitiative.ca\/International\/wp-json\/wp\/v2\/categories?post=41650"},{"taxonomy":"post_tag","embeddable":true,"href":"https:\/\/linitiative.ca\/International\/wp-json\/wp\/v2\/tags?post=41650"}],"curies":[{"name":"wp","href":"https:\/\/api.w.org\/{rel}","templated":true}]}}