{"id":41652,"date":"2019-06-20T06:30:57","date_gmt":"2019-06-20T10:30:57","guid":{"rendered":"https:\/\/linitiative.ca\/International\/journees-mena-ocde-les-technologies-numeriques-pour-une-prosperite-inclusive-et-partagee\/"},"modified":"2019-06-20T06:30:57","modified_gmt":"2019-06-20T10:30:57","slug":"journees-mena-ocde-les-technologies-numeriques-pour-une-prosperite-inclusive-et-partagee","status":"publish","type":"post","link":"https:\/\/linitiative.ca\/International\/journees-mena-ocde-les-technologies-numeriques-pour-une-prosperite-inclusive-et-partagee\/","title":{"rendered":"Journ\u00e9es MENA-OCDE : Les technologies num\u00e9riques pour une prosp\u00e9rit\u00e9 inclusive et partag\u00e9e"},"content":{"rendered":"<p>Dans le cadre des Journ\u00e9es MENA-OCDE en Tunisie, tenue par l\u2019Organisation de coop\u00e9ration et de d\u00e9veloppement \u00e9conomique (OCDE) et le gouvernement tunisien, une session a \u00e9t\u00e9 consacr\u00e9e \u00e0 l\u2019exploration des moyens d\u2019exploiter les technologies num\u00e9riques pour une prosp\u00e9rit\u00e9 inclusive et partag\u00e9e. Cet \u00e9v\u00e8nement a vu la participation d\u2019un certain nombre de jeunes, de repr\u00e9sentants de la soci\u00e9t\u00e9 civile et d\u2019experts de la Tunisie, du Maroc, de l\u2019\u00c9gypte, de la Jordanie, de l\u2019Autorit\u00e9 Palestinienne et du Liban ainsi que de pays membres de l\u2019OCDE.<\/p>\n<p>La transformation num\u00e9rique est un ph\u00e9nom\u00e8ne global. Les outils digitaux changent, de mani\u00e8re drastique, le mode d\u2019op\u00e9ration des gouvernements ainsi que le mode de vie des citoyens. Les r\u00e9seaux sociaux sont devenus un moyen de communication et une plateforme d\u2019information de premier ordre et l\u2019intelligence artificielle commence d\u00e9j\u00e0 \u00e0 transformer notre quotidien : d\u2019ici 2022, chaque citoyen aura au moins trois appareils connect\u00e9s. Les nouvelles technologies repr\u00e9sentent donc une opportunit\u00e9 sans pr\u00e9c\u00e9dent pour les gouvernements d\u2019offrir une politique et une prestation de services publics plus innovante, adapt\u00e9e et efficace, gr\u00e2ce notamment \u00e0 une meilleure communication entre administrateurs et administr\u00e9s. L\u2019utilisation de ces outils reste cependant in\u00e9gale et tous les citoyens ne b\u00e9n\u00e9ficient pas des avantages qu\u2019apporte la transformation num\u00e9rique.<\/p>\n<p>Bien que les jeunes (15-29 ans) repr\u00e9sentent plus de 30% de la population de la r\u00e9gion MENA (environ 28% en Tunisie), ils font face \u00e0 un manque crucial d\u2019opportunit\u00e9s \u00e9conomiques et politiques : 30% des jeunes de la r\u00e9gion sont au ch\u00f4mage et, en moyenne, seulement 35% des jeunes en Jordanie, au Maroc et en Tunisie, d\u00e9clarent participer aux \u00e9lections, traduisant un manque de confiance de leur part \u00e0 l\u2019\u00e9gard de leurs gouvernements.<\/p>\n<p>Il est donc primordial d\u2019adopter une perspective jeune dans l\u2019\u00e9laboration de politiques publiques li\u00e9es \u00e0 la transformation num\u00e9rique. Le rapport \u00ab Les Sept conclusions cl\u00e9s \u00bb de l\u2019enqu\u00eate sur la gouvernance des affaires de la jeunesse, que le Programme MENA-OCDE pour la Gouvernance lance aujourd\u2019hui en Tunisie, contribuent au d\u00e9bat sur la gouvernance des affaires des jeunes en fournissant des donn\u00e9es probantes et des bonnes pratiques sur la mani\u00e8re dont les politiques num\u00e9riques peuvent participer \u00e0 cr\u00e9er des opportunit\u00e9s pour les jeunes.<\/p>\n<p>C\u2019est dans ce contexte que les citoyens et les repr\u00e9sentants de la soci\u00e9t\u00e9 civile, r\u00e9unis en \u00ab Cabinet citoyen \u00bb, ont pr\u00e9sent\u00e9 leur vision et des propositions concr\u00e8tes d\u2019actions pour r\u00e9duire la fracture num\u00e9rique et mettre en place des politiques publiques tirant v\u00e9ritablement profit des outils digitaux pour une prosp\u00e9rit\u00e9 partag\u00e9e dans la r\u00e9gion MENA (Moyen-Orient et en Afrique du Nord). Ces propositions ont touch\u00e9 \u00e0 divers domaines tels que la transparence, le gouvernement ouvert, l\u2019innovation num\u00e9rique, ou la politique de communication. Les \u00e9changes lors de cette r\u00e9union ont aussi port\u00e9 sur le r\u00f4le que le gouvernement et la soci\u00e9t\u00e9 civile peuvent jouer dans la r\u00e9duction de la fracture num\u00e9rique, et se sont appuy\u00e9s sur le rapport r\u00e9gional \u00ab Sept conclusions cl\u00e9s \u00bb qui pr\u00e9sente l\u2019exp\u00e9rience et les bonnes pratiques de la Tunisie en mati\u00e8re de politiques publiques et digitales li\u00e9es \u00e0 l\u2019am\u00e9lioration de la participation et de l\u2019inclusion des jeunes \u00e0 la vie publique.<\/p>\n<p>Les participants ont \u00e9galement appel\u00e9 \u00e0 la n\u00e9cessit\u00e9 de respecter le principe de l\u2019\u00e9galit\u00e9 entre hommes et femmes dans la vie publique\u00a0\u00a0 afin d\u2019accro\u00eetre la pr\u00e9sence des femmes aux postes de d\u00e9cision.<\/p>\n<p>M. Rupert Schlegelmilch, Repr\u00e9sentant permanent de l\u2019Union Europ\u00e9enne aupr\u00e8s de OCDE, a soulign\u00e9 que cette r\u00e9union est une occasion pour enrichir le d\u00e9bat et profiter des \u00e9changes de connaissances et d\u2019exp\u00e9riences entre les repr\u00e9sentants des diff\u00e9rents pays afin d\u2019explorer les meilleurs moyens pour l\u2019am\u00e9lioration des performances et l\u2019identification des principes de la bonne gouvernance et du soutien au processus de r\u00e9forme dans les r\u00e9gions du Moyen-Orient et de l\u2019Afrique du Nord.<\/p>\n<p>Les conclusions de la session ont \u00e9t\u00e9 pr\u00e9sent\u00e9es lors de la r\u00e9union du comit\u00e9 de pilotage du programme de gouvernance MENA-OCDE qui a eu lieu le 18 juin. Ils ont contribu\u00e9 aux travaux du Programme MENA-OCDE sur la gouvernance et aliment\u00e9 le renouvellement du cinqui\u00e8me mandat de l\u2019Initiative MENA-OCDE pour 2021-2025. Le Programme s\u2019\u00e9vertuera \u00e0 adopter ces conclusions et de les mettre en \u0153uvre au travers de sa collaboration avec les gouvernements de la r\u00e9gion MENA.<\/p>\n<p class=\"dpsp-share-text\">Partager c&rsquo;est aimer!<\/p>\n<div class=\"wp-post-author-wrap wp-post-author-shortcode left\">\n<h3 class=\"awpa-title\"\/>\n<div class=\"wp-post-author\">\n<div class=\"awpa-img awpa-author-block square\"><a href=\"http:\/\/lexpertjournal.net\/fr\/author\/expert\/\"><img loading=\"lazy\" decoding=\"async\" alt=\"\" src=\"http:\/\/2.gravatar.com\/avatar\/56d99be2a6f97af88ccb49fada637fcd?s=150&#038;d=mm&#038;r=g\" srcset=\"http:\/\/2.gravatar.com\/avatar\/56d99be2a6f97af88ccb49fada637fcd?s=300&#038;d=mm&#038;r=g 2x\" class=\"avatar avatar-150 photo\" height=\"150\" width=\"150\"\/><\/a><\/div>\n<\/div>\n<\/div>\n<p>Auteur: L&rsquo;expert<br \/>\n<a href=\"http:\/\/lexpertjournal.net\/fr\/2019\/06\/20\/journees-mena-ocde-les-technologies-numeriques-pour-une-prosperite-inclusive-et-partagee\/\">Cliquez ici pour lire l&rsquo;article depuis sa source.<\/a><\/p>\n","protected":false},"excerpt":{"rendered":"<p>Dans le cadre des Journ\u00e9es MENA-OCDE en Tunisie, tenue par l\u2019Organisation de coop\u00e9ration et de d\u00e9veloppement \u00e9conomique (OCDE) et le gouvernement tunisien, une session a \u00e9t\u00e9 consacr\u00e9e \u00e0 l\u2019exploration des moyens d\u2019exploiter les technologies num\u00e9riques pour une prosp\u00e9rit\u00e9 inclusive et partag\u00e9e. Cet \u00e9v\u00e8nement a vu la participation d\u2019un certain nombre de jeunes, de repr\u00e9sentants de [&hellip;]<\/p>\n","protected":false},"author":1775,"featured_media":0,"comment_status":"closed","ping_status":"closed","sticky":false,"template":"","format":"standard","meta":{"fifu_image_url":"","fifu_image_alt":"","footnotes":""},"categories":[78,55],"tags":[],"class_list":["post-41652","post","type-post","status-publish","format-standard","hentry","category-economie","category-tunisie"],"_links":{"self":[{"href":"https:\/\/linitiative.ca\/International\/wp-json\/wp\/v2\/posts\/41652","targetHints":{"allow":["GET"]}}],"collection":[{"href":"https:\/\/linitiative.ca\/International\/wp-json\/wp\/v2\/posts"}],"about":[{"href":"https:\/\/linitiative.ca\/International\/wp-json\/wp\/v2\/types\/post"}],"author":[{"embeddable":true,"href":"https:\/\/linitiative.ca\/International\/wp-json\/wp\/v2\/users\/1775"}],"replies":[{"embeddable":true,"href":"https:\/\/linitiative.ca\/International\/wp-json\/wp\/v2\/comments?post=41652"}],"version-history":[{"count":0,"href":"https:\/\/linitiative.ca\/International\/wp-json\/wp\/v2\/posts\/41652\/revisions"}],"wp:attachment":[{"href":"https:\/\/linitiative.ca\/International\/wp-json\/wp\/v2\/media?parent=41652"}],"wp:term":[{"taxonomy":"category","embeddable":true,"href":"https:\/\/linitiative.ca\/International\/wp-json\/wp\/v2\/categories?post=41652"},{"taxonomy":"post_tag","embeddable":true,"href":"https:\/\/linitiative.ca\/International\/wp-json\/wp\/v2\/tags?post=41652"}],"curies":[{"name":"wp","href":"https:\/\/api.w.org\/{rel}","templated":true}]}}