{"id":41655,"date":"2019-06-20T06:43:50","date_gmt":"2019-06-20T10:43:50","guid":{"rendered":"https:\/\/linitiative.ca\/International\/sortie-de-la-tunisie-de-la-liste-noire-le-gafi-donne-son-verdict-aujourdhui\/"},"modified":"2019-06-20T06:43:50","modified_gmt":"2019-06-20T10:43:50","slug":"sortie-de-la-tunisie-de-la-liste-noire-le-gafi-donne-son-verdict-aujourdhui","status":"publish","type":"post","link":"https:\/\/linitiative.ca\/International\/sortie-de-la-tunisie-de-la-liste-noire-le-gafi-donne-son-verdict-aujourdhui\/","title":{"rendered":"Sortie de la Tunisie de la liste noire : Le GAFI donne son verdict aujourd\u2019hui"},"content":{"rendered":"<p>Le classement de la Tunisie sur la liste noire de GAFI et de l\u2019Union europ\u00e9enne a fait beaucoup de tort au pays. Les \u00e9conomistes et le financiers tunisiens retiennent leur souffle, dans l\u2019attente, demain, jeudi, du verdict le l\u2019instance internationale.<\/p>\n<p>Le Groupe d\u2019action financi\u00e8re (GAFI) se r\u00e9unira, jeudi, pour examiner le dossier de la Tunisie et la possibilit\u00e9 de la faire sortir de la liste des pays fortement expos\u00e9es au blanchiment de capitaux et au financement du terrorisme.<\/p>\n<p>Le groupe examinera le taux d\u2019application de la Tunisie de l\u2019ensemble des r\u00e9formes l\u00e9gislatives et structurelles r\u00e9alis\u00e9es, apr\u00e8s avoir \u00e9t\u00e9 blacklist\u00e9 parmi les pays expos\u00e9s au blanchiment d\u2019argent et au financement du terrorisme depuis le mois de f\u00e9vrier 2018, laquelle (liste) a \u00e9t\u00e9 actualis\u00e9e en f\u00e9vrier 2019.<\/p>\n<p>Selon des responsables du gouvernement, les chances de la Tunisie de sortir de cette liste sont bonnes puisque presque tous les points du plan d\u2019action du gouvernement ont \u00e9t\u00e9 ex\u00e9cut\u00e9s.<\/p>\n<p>En cas o\u00f9 la Tunisie sortirait de cette liste, elle sort automatiquement de la liste europ\u00e9enne.<\/p>\n<p>Des sources ont r\u00e9v\u00e9l\u00e9 que le GAFI pourrait d\u00e9p\u00eacher une d\u00e9l\u00e9gation en Tunisie, en septembre 2019, pour v\u00e9rifier l\u2019application du plan d\u2019action et les mesures d\u00e9cid\u00e9es par le gouvernement pour lutter contre le blanchiment d\u2019argent et le financement du terrorisme dont en particulier la cr\u00e9ation d\u2019un registre national des entreprises.<\/p>\n<p class=\"dpsp-share-text\">Partager c&rsquo;est aimer!<\/p>\n<div class=\"wp-post-author-wrap wp-post-author-shortcode left\">\n<h3 class=\"awpa-title\"\/>\n<div class=\"wp-post-author\">\n<div class=\"awpa-img awpa-author-block square\"><a href=\"http:\/\/lexpertjournal.net\/fr\/author\/expert\/\"><img loading=\"lazy\" decoding=\"async\" alt=\"\" src=\"http:\/\/2.gravatar.com\/avatar\/56d99be2a6f97af88ccb49fada637fcd?s=150&#038;d=mm&#038;r=g\" srcset=\"http:\/\/2.gravatar.com\/avatar\/56d99be2a6f97af88ccb49fada637fcd?s=300&#038;d=mm&#038;r=g 2x\" class=\"avatar avatar-150 photo\" height=\"150\" width=\"150\"\/><\/a><\/div>\n<\/div>\n<\/div>\n<p>Auteur: L&rsquo;expert<br \/>\n<a href=\"http:\/\/lexpertjournal.net\/fr\/2019\/06\/20\/sortie-de-la-tunisie-de-la-liste-noire-le-gafi-donne-son-verdict-aujourdhui\/\">Cliquez ici pour lire l&rsquo;article depuis sa source.<\/a><\/p>\n","protected":false},"excerpt":{"rendered":"<p>Le classement de la Tunisie sur la liste noire de GAFI et de l\u2019Union europ\u00e9enne a fait beaucoup de tort au pays. Les \u00e9conomistes et le financiers tunisiens retiennent leur souffle, dans l\u2019attente, demain, jeudi, du verdict le l\u2019instance internationale. Le Groupe d\u2019action financi\u00e8re (GAFI) se r\u00e9unira, jeudi, pour examiner le dossier de la Tunisie [&hellip;]<\/p>\n","protected":false},"author":1775,"featured_media":0,"comment_status":"closed","ping_status":"closed","sticky":false,"template":"","format":"standard","meta":{"fifu_image_url":"","fifu_image_alt":"","footnotes":""},"categories":[78,55],"tags":[],"class_list":["post-41655","post","type-post","status-publish","format-standard","hentry","category-economie","category-tunisie"],"_links":{"self":[{"href":"https:\/\/linitiative.ca\/International\/wp-json\/wp\/v2\/posts\/41655","targetHints":{"allow":["GET"]}}],"collection":[{"href":"https:\/\/linitiative.ca\/International\/wp-json\/wp\/v2\/posts"}],"about":[{"href":"https:\/\/linitiative.ca\/International\/wp-json\/wp\/v2\/types\/post"}],"author":[{"embeddable":true,"href":"https:\/\/linitiative.ca\/International\/wp-json\/wp\/v2\/users\/1775"}],"replies":[{"embeddable":true,"href":"https:\/\/linitiative.ca\/International\/wp-json\/wp\/v2\/comments?post=41655"}],"version-history":[{"count":0,"href":"https:\/\/linitiative.ca\/International\/wp-json\/wp\/v2\/posts\/41655\/revisions"}],"wp:attachment":[{"href":"https:\/\/linitiative.ca\/International\/wp-json\/wp\/v2\/media?parent=41655"}],"wp:term":[{"taxonomy":"category","embeddable":true,"href":"https:\/\/linitiative.ca\/International\/wp-json\/wp\/v2\/categories?post=41655"},{"taxonomy":"post_tag","embeddable":true,"href":"https:\/\/linitiative.ca\/International\/wp-json\/wp\/v2\/tags?post=41655"}],"curies":[{"name":"wp","href":"https:\/\/api.w.org\/{rel}","templated":true}]}}