{"id":41661,"date":"2019-06-20T06:00:00","date_gmt":"2019-06-20T10:00:00","guid":{"rendered":"https:\/\/linitiative.ca\/International\/le-professeur-fodil-belazougui-fait-chevalier-de-lordre-du-merite-civil\/"},"modified":"2019-06-20T06:00:00","modified_gmt":"2019-06-20T10:00:00","slug":"le-professeur-fodil-belazougui-fait-chevalier-de-lordre-du-merite-civil","status":"publish","type":"post","link":"https:\/\/linitiative.ca\/International\/le-professeur-fodil-belazougui-fait-chevalier-de-lordre-du-merite-civil\/","title":{"rendered":"Le professeur Fodil Belazougui fait chevalier de l\u2019ordre du M\u00e9rite civil"},"content":{"rendered":"<div id=\"originalText\" readability=\"67\">\n<p class=\"c10\">Ainsi s\u2019ach\u00e8vent quarante ann\u00e9es d\u2019enseignement pour le professeur de langue espagnole, Fodil Belazougui, en reconnaissance \u201c\u00e0 sa contribution \u00e0 la promotion et la diffusion de la langue espagnole en Alg\u00e9rie\u201d. Lors d\u2019une c\u00e9r\u00e9monie officielle qui a eu lieu hier \u00e0 l\u2019Institut Cervant\u00e8s d\u2019Alger, le premier r\u00e9cipiendaire alg\u00e9rien de cette distinction accord\u00e9e par le roi d\u2019Espagne Felipe VI a re\u00e7u son insigne de chevalier de l\u2019ordre du M\u00e9rite civil des mains de l\u2019ambassadeur d\u2019Espagne en Alg\u00e9rie, Son\u00a0Excellence M. Fernando Mor\u00e1n Calvo-Sotelo.\u00a0<\/p>\n<p class=\"c10\">En pr\u00e9sence de ses proches, des employ\u00e9s de l\u2019Institut et de son directeur, Antonio Gil de Carrasco, M. Belazougui, qui a appris cette langue \u00e0 plusieurs g\u00e9n\u00e9rations d\u2019Alg\u00e9riens, au moment d\u2019ailleurs o\u00f9 elle mena\u00e7ait de dispara\u00eetre dans nos \u00e9coles, s\u2019est dit \u201ccombl\u00e9 et honor\u00e9 par cette m\u00e9daille qui vient au bout d\u2019un parcours de pr\u00e8s de quarante ans dans l\u2019enseignement\u201d. Et d\u2019ajouter \u00e0 propos de la place de la langue de Cervant\u00e8s dans notre soci\u00e9t\u00e9 : \u201cAujourd\u2019hui, elle est tr\u00e8s bien implant\u00e9e, parce qu\u2019elle est enseign\u00e9e dans les instituts, les universit\u00e9s et toutes les wilayas du pays o\u00f9 on retrouve au moins un professeur d\u2019espagnol.\u201d Et de reprendre : \u201cMais \u00e0 une certaine \u00e9poque, en 1986, on parlait de la suppression de l\u2019espagnol de l\u2019enseignement moyen.<\/p>\n<p class=\"c10\">J\u2019ai fait partie d\u2019un groupe de personnes qui ont lutt\u00e9 pour que cette langue soit r\u00e9introduite, premi\u00e8rement, en tant que langue optionnelle, ensuite, comme mati\u00e8re essentielle dans les fili\u00e8res de langues \u00e9trang\u00e8res.\u201d Au d\u00e9but des ann\u00e9es 1980, le professeur passera par plusieurs lyc\u00e9es\u00a0 de l\u2019Alg\u00e9rois, dont El-Mokrani, avant de rejoindre l\u2019Institut\u00a0Cervant\u00e8s d\u2019Alger o\u00f9 il finira sa longue carri\u00e8re.\u00a0<\/p>\n<p class=\"c11\"><strong>Yasmine Azzouz<\/strong><\/p>\n<\/div>\n<div id=\"text_core\" readability=\"67\">\n<p class=\"c10\">Ainsi s\u2019ach\u00e8vent quarante ann\u00e9es d\u2019enseignement pour le professeur de langue espagnole, Fodil Belazougui, en reconnaissance \u201c\u00e0 sa contribution \u00e0 la promotion et la diffusion de la langue espagnole en Alg\u00e9rie\u201d. Lors d\u2019une c\u00e9r\u00e9monie officielle qui a eu lieu hier \u00e0 l\u2019Institut Cervant\u00e8s d\u2019Alger, le premier r\u00e9cipiendaire alg\u00e9rien de cette distinction accord\u00e9e par le roi d\u2019Espagne Felipe VI a re\u00e7u son insigne de chevalier de l\u2019ordre du M\u00e9rite civil des mains de l\u2019ambassadeur d\u2019Espagne en Alg\u00e9rie, Son\u00a0Excellence M. Fernando Mor\u00e1n Calvo-Sotelo.\u00a0<\/p>\n<p class=\"c10\">En pr\u00e9sence de ses proches, des employ\u00e9s de l\u2019Institut et de son directeur, Antonio Gil de Carrasco, M. Belazougui, qui a appris cette langue \u00e0 plusieurs g\u00e9n\u00e9rations d\u2019Alg\u00e9riens, au moment d\u2019ailleurs o\u00f9 elle mena\u00e7ait de dispara\u00eetre dans nos \u00e9coles, s\u2019est dit \u201ccombl\u00e9 et honor\u00e9 par cette m\u00e9daille qui vient au bout d\u2019un parcours de pr\u00e8s de quarante ans dans l\u2019enseignement\u201d. Et d\u2019ajouter \u00e0 propos de la place de la langue de Cervant\u00e8s dans notre soci\u00e9t\u00e9 : \u201cAujourd\u2019hui, elle est tr\u00e8s bien implant\u00e9e, parce qu\u2019elle est enseign\u00e9e dans les instituts, les universit\u00e9s et toutes les wilayas du pays o\u00f9 on retrouve au moins un professeur d\u2019espagnol.\u201d Et de reprendre : \u201cMais \u00e0 une certaine \u00e9poque, en 1986, on parlait de la suppression de l\u2019espagnol de l\u2019enseignement moyen.<\/p>\n<p class=\"c10\">J\u2019ai fait partie d\u2019un groupe de personnes qui ont lutt\u00e9 pour que cette langue soit r\u00e9introduite, premi\u00e8rement, en tant que langue optionnelle, ensuite, comme mati\u00e8re essentielle dans les fili\u00e8res de langues \u00e9trang\u00e8res.\u201d Au d\u00e9but des ann\u00e9es 1980, le professeur passera par plusieurs lyc\u00e9es\u00a0 de l\u2019Alg\u00e9rois, dont El-Mokrani, avant de rejoindre l\u2019Institut\u00a0Cervant\u00e8s d\u2019Alger o\u00f9 il finira sa longue carri\u00e8re.\u00a0<\/p>\n<p class=\"c11\"><strong>Yasmine Azzouz<\/strong><\/p>\n<\/div>\n<p>Auteur:<br \/>\n<a href=\"https:\/\/www.liberte-algerie.com\/actualite\/le-professeur-fodil-belazougui-fait-chevalier-de-lordre-du-merite-civil-318214\">Cliquez ici pour lire l&rsquo;article depuis sa source.<\/a><\/p>\n","protected":false},"excerpt":{"rendered":"<p>Ainsi s\u2019ach\u00e8vent quarante ann\u00e9es d\u2019enseignement pour le professeur de langue espagnole, Fodil Belazougui, en reconnaissance \u201c\u00e0 sa contribution \u00e0 la promotion et la diffusion de la langue espagnole en Alg\u00e9rie\u201d. Lors d\u2019une c\u00e9r\u00e9monie officielle qui a eu lieu hier \u00e0 l\u2019Institut Cervant\u00e8s d\u2019Alger, le premier r\u00e9cipiendaire alg\u00e9rien de cette distinction accord\u00e9e par le roi d\u2019Espagne [&hellip;]<\/p>\n","protected":false},"author":1742,"featured_media":0,"comment_status":"closed","ping_status":"closed","sticky":false,"template":"","format":"standard","meta":{"fifu_image_url":"","fifu_image_alt":"","footnotes":""},"categories":[73,53],"tags":[],"class_list":["post-41661","post","type-post","status-publish","format-standard","hentry","category-actualite","category-algerie"],"_links":{"self":[{"href":"https:\/\/linitiative.ca\/International\/wp-json\/wp\/v2\/posts\/41661","targetHints":{"allow":["GET"]}}],"collection":[{"href":"https:\/\/linitiative.ca\/International\/wp-json\/wp\/v2\/posts"}],"about":[{"href":"https:\/\/linitiative.ca\/International\/wp-json\/wp\/v2\/types\/post"}],"author":[{"embeddable":true,"href":"https:\/\/linitiative.ca\/International\/wp-json\/wp\/v2\/users\/1742"}],"replies":[{"embeddable":true,"href":"https:\/\/linitiative.ca\/International\/wp-json\/wp\/v2\/comments?post=41661"}],"version-history":[{"count":0,"href":"https:\/\/linitiative.ca\/International\/wp-json\/wp\/v2\/posts\/41661\/revisions"}],"wp:attachment":[{"href":"https:\/\/linitiative.ca\/International\/wp-json\/wp\/v2\/media?parent=41661"}],"wp:term":[{"taxonomy":"category","embeddable":true,"href":"https:\/\/linitiative.ca\/International\/wp-json\/wp\/v2\/categories?post=41661"},{"taxonomy":"post_tag","embeddable":true,"href":"https:\/\/linitiative.ca\/International\/wp-json\/wp\/v2\/tags?post=41661"}],"curies":[{"name":"wp","href":"https:\/\/api.w.org\/{rel}","templated":true}]}}