{"id":41662,"date":"2019-06-20T06:00:00","date_gmt":"2019-06-20T10:00:00","guid":{"rendered":"https:\/\/linitiative.ca\/International\/trois-candidats-condamnes-a-6-mois-de-prison-avec-sursis\/"},"modified":"2019-06-20T06:00:00","modified_gmt":"2019-06-20T10:00:00","slug":"trois-candidats-condamnes-a-6-mois-de-prison-avec-sursis","status":"publish","type":"post","link":"https:\/\/linitiative.ca\/International\/trois-candidats-condamnes-a-6-mois-de-prison-avec-sursis\/","title":{"rendered":"Trois candidats condamn\u00e9s \u00e0 6 mois de prison avec sursis"},"content":{"rendered":"<div id=\"originalText\" readability=\"46\">\n<p class=\"c10\">Les trois candidats au bac arr\u00eat\u00e9s, dimanche dernier \u00e0 In Salah, pour fraude et atteinte \u00e0 l\u2019int\u00e9r\u00eat national apr\u00e8s avoir post\u00e9 un sujet d\u2019examen \u00e0 travers les r\u00e9seaux sociaux, ont \u00e9t\u00e9 condamn\u00e9s, avant-hier, \u00e0 6 mois de prison avec sursis et \u00e0 une amende de 50 000 DA chacun, a-t-on appris, hier, d\u2019une source s\u00e9curitaire. Les mis en cause ont \u00e9galement \u00e9t\u00e9 sanctionn\u00e9s par l\u2019Office national des examens et concours qui les a exclus de cet examen pendant une dur\u00e9e de 5 ans apr\u00e8s avoir confirm\u00e9 les accusations et les griefs retenus contre eux. Une quatri\u00e8me personne, cit\u00e9e dans la m\u00eame affaire, a aussi \u00e9t\u00e9 arr\u00eat\u00e9e par les services de s\u00e9curit\u00e9, indique notre source.\u00a0<\/p>\n<p class=\"c10\">\u00a0<\/p>\n<p class=\"c11\"><strong>RABAH KARECHE<\/strong><\/p>\n<\/div>\n<div id=\"text_core\" readability=\"46\">\n<p class=\"c10\">Les trois candidats au bac arr\u00eat\u00e9s, dimanche dernier \u00e0 In Salah, pour fraude et atteinte \u00e0 l\u2019int\u00e9r\u00eat national apr\u00e8s avoir post\u00e9 un sujet d\u2019examen \u00e0 travers les r\u00e9seaux sociaux, ont \u00e9t\u00e9 condamn\u00e9s, avant-hier, \u00e0 6 mois de prison avec sursis et \u00e0 une amende de 50 000 DA chacun, a-t-on appris, hier, d\u2019une source s\u00e9curitaire. Les mis en cause ont \u00e9galement \u00e9t\u00e9 sanctionn\u00e9s par l\u2019Office national des examens et concours qui les a exclus de cet examen pendant une dur\u00e9e de 5 ans apr\u00e8s avoir confirm\u00e9 les accusations et les griefs retenus contre eux. Une quatri\u00e8me personne, cit\u00e9e dans la m\u00eame affaire, a aussi \u00e9t\u00e9 arr\u00eat\u00e9e par les services de s\u00e9curit\u00e9, indique notre source.\u00a0<\/p>\n<p class=\"c10\">\u00a0<\/p>\n<p class=\"c11\"><strong>RABAH KARECHE<\/strong><\/p>\n<\/div>\n<p>Auteur:<br \/>\n<a href=\"https:\/\/www.liberte-algerie.com\/actualite\/trois-candidats-condamnes-a-6-mois-de-prison-avec-sursis-318213\">Cliquez ici pour lire l&rsquo;article depuis sa source.<\/a><\/p>\n","protected":false},"excerpt":{"rendered":"<p>Les trois candidats au bac arr\u00eat\u00e9s, dimanche dernier \u00e0 In Salah, pour fraude et atteinte \u00e0 l\u2019int\u00e9r\u00eat national apr\u00e8s avoir post\u00e9 un sujet d\u2019examen \u00e0 travers les r\u00e9seaux sociaux, ont \u00e9t\u00e9 condamn\u00e9s, avant-hier, \u00e0 6 mois de prison avec sursis et \u00e0 une amende de 50 000 DA chacun, a-t-on appris, hier, d\u2019une source s\u00e9curitaire. [&hellip;]<\/p>\n","protected":false},"author":1742,"featured_media":0,"comment_status":"closed","ping_status":"closed","sticky":false,"template":"","format":"standard","meta":{"fifu_image_url":"","fifu_image_alt":"","footnotes":""},"categories":[73,53],"tags":[],"class_list":["post-41662","post","type-post","status-publish","format-standard","hentry","category-actualite","category-algerie"],"_links":{"self":[{"href":"https:\/\/linitiative.ca\/International\/wp-json\/wp\/v2\/posts\/41662","targetHints":{"allow":["GET"]}}],"collection":[{"href":"https:\/\/linitiative.ca\/International\/wp-json\/wp\/v2\/posts"}],"about":[{"href":"https:\/\/linitiative.ca\/International\/wp-json\/wp\/v2\/types\/post"}],"author":[{"embeddable":true,"href":"https:\/\/linitiative.ca\/International\/wp-json\/wp\/v2\/users\/1742"}],"replies":[{"embeddable":true,"href":"https:\/\/linitiative.ca\/International\/wp-json\/wp\/v2\/comments?post=41662"}],"version-history":[{"count":0,"href":"https:\/\/linitiative.ca\/International\/wp-json\/wp\/v2\/posts\/41662\/revisions"}],"wp:attachment":[{"href":"https:\/\/linitiative.ca\/International\/wp-json\/wp\/v2\/media?parent=41662"}],"wp:term":[{"taxonomy":"category","embeddable":true,"href":"https:\/\/linitiative.ca\/International\/wp-json\/wp\/v2\/categories?post=41662"},{"taxonomy":"post_tag","embeddable":true,"href":"https:\/\/linitiative.ca\/International\/wp-json\/wp\/v2\/tags?post=41662"}],"curies":[{"name":"wp","href":"https:\/\/api.w.org\/{rel}","templated":true}]}}