{"id":41663,"date":"2019-06-20T06:00:00","date_gmt":"2019-06-20T10:00:00","guid":{"rendered":"https:\/\/linitiative.ca\/International\/une-infirmiere-agressee\/"},"modified":"2019-06-20T06:00:00","modified_gmt":"2019-06-20T10:00:00","slug":"une-infirmiere-agressee","status":"publish","type":"post","link":"https:\/\/linitiative.ca\/International\/une-infirmiere-agressee\/","title":{"rendered":"Une infirmi\u00e8re agress\u00e9e"},"content":{"rendered":"<div id=\"originalText\" readability=\"43\">\n<p class=\"c10\">Une \u00e9ni\u00e8me agression contre une auxiliaire de la sant\u00e9 est survenue, hier, \u00e0 l&rsquo;\u00e9tablissement public de sant\u00e9 Mohamed-Boudiaf de Bouira, a-t-on appris aupr\u00e8s du coordinateur local du Syndicat alg\u00e9rien des param\u00e9dicaux, Laref Triki. Selon ce dernier, vers 10h15, une infirmi\u00e8re a \u00e9t\u00e9 agress\u00e9e verbalement et physiquement par l&rsquo;accompagnateur d&rsquo;un malade, qui s&rsquo;est av\u00e9r\u00e9 \u00eatre le p\u00e8re de ce dernier. La m\u00eame source pr\u00e9cise que l&rsquo;agresseur a \u00e9t\u00e9 interpell\u00e9 par les services de s\u00e9curit\u00e9. M. Triki a encore une fois tenu \u00e0 tirer la sonnette d&rsquo;alarme quant \u00e0 la hausse des actes d&rsquo;agression contre le personnel m\u00e9dical et param\u00e9dical au sein de l&rsquo;h\u00f4pital de Bouira. La semaine derni\u00e8re, un sit-in du corps m\u00e9dical et param\u00e9dical a \u00e9t\u00e9 organis\u00e9 \u00e0 l&rsquo;int\u00e9rieur de l\u2019h\u00f4pital pour d\u00e9noncer ces agressions \u00e0 r\u00e9p\u00e9tition.<br \/>\u00a0<\/p>\n<p class=\"c11\"><strong>RAMDANE BOURAHLA<\/strong><\/p>\n<\/div>\n<div id=\"text_core\" readability=\"43\">\n<p class=\"c10\">Une \u00e9ni\u00e8me agression contre une auxiliaire de la sant\u00e9 est survenue, hier, \u00e0 l&rsquo;\u00e9tablissement public de sant\u00e9 Mohamed-Boudiaf de Bouira, a-t-on appris aupr\u00e8s du coordinateur local du Syndicat alg\u00e9rien des param\u00e9dicaux, Laref Triki. Selon ce dernier, vers 10h15, une infirmi\u00e8re a \u00e9t\u00e9 agress\u00e9e verbalement et physiquement par l&rsquo;accompagnateur d&rsquo;un malade, qui s&rsquo;est av\u00e9r\u00e9 \u00eatre le p\u00e8re de ce dernier. La m\u00eame source pr\u00e9cise que l&rsquo;agresseur a \u00e9t\u00e9 interpell\u00e9 par les services de s\u00e9curit\u00e9. M. Triki a encore une fois tenu \u00e0 tirer la sonnette d&rsquo;alarme quant \u00e0 la hausse des actes d&rsquo;agression contre le personnel m\u00e9dical et param\u00e9dical au sein de l&rsquo;h\u00f4pital de Bouira. La semaine derni\u00e8re, un sit-in du corps m\u00e9dical et param\u00e9dical a \u00e9t\u00e9 organis\u00e9 \u00e0 l&rsquo;int\u00e9rieur de l\u2019h\u00f4pital pour d\u00e9noncer ces agressions \u00e0 r\u00e9p\u00e9tition.<br \/>\u00a0<\/p>\n<p class=\"c11\"><strong>RAMDANE BOURAHLA<\/strong><\/p>\n<\/div>\n<p>Auteur:<br \/>\n<a href=\"https:\/\/www.liberte-algerie.com\/actualite\/une-infirmiere-agressee-318212\">Cliquez ici pour lire l&rsquo;article depuis sa source.<\/a><\/p>\n","protected":false},"excerpt":{"rendered":"<p>Une \u00e9ni\u00e8me agression contre une auxiliaire de la sant\u00e9 est survenue, hier, \u00e0 l&rsquo;\u00e9tablissement public de sant\u00e9 Mohamed-Boudiaf de Bouira, a-t-on appris aupr\u00e8s du coordinateur local du Syndicat alg\u00e9rien des param\u00e9dicaux, Laref Triki. Selon ce dernier, vers 10h15, une infirmi\u00e8re a \u00e9t\u00e9 agress\u00e9e verbalement et physiquement par l&rsquo;accompagnateur d&rsquo;un malade, qui s&rsquo;est av\u00e9r\u00e9 \u00eatre le [&hellip;]<\/p>\n","protected":false},"author":1742,"featured_media":0,"comment_status":"closed","ping_status":"closed","sticky":false,"template":"","format":"standard","meta":{"fifu_image_url":"","fifu_image_alt":"","footnotes":""},"categories":[73,53],"tags":[],"class_list":["post-41663","post","type-post","status-publish","format-standard","hentry","category-actualite","category-algerie"],"_links":{"self":[{"href":"https:\/\/linitiative.ca\/International\/wp-json\/wp\/v2\/posts\/41663","targetHints":{"allow":["GET"]}}],"collection":[{"href":"https:\/\/linitiative.ca\/International\/wp-json\/wp\/v2\/posts"}],"about":[{"href":"https:\/\/linitiative.ca\/International\/wp-json\/wp\/v2\/types\/post"}],"author":[{"embeddable":true,"href":"https:\/\/linitiative.ca\/International\/wp-json\/wp\/v2\/users\/1742"}],"replies":[{"embeddable":true,"href":"https:\/\/linitiative.ca\/International\/wp-json\/wp\/v2\/comments?post=41663"}],"version-history":[{"count":0,"href":"https:\/\/linitiative.ca\/International\/wp-json\/wp\/v2\/posts\/41663\/revisions"}],"wp:attachment":[{"href":"https:\/\/linitiative.ca\/International\/wp-json\/wp\/v2\/media?parent=41663"}],"wp:term":[{"taxonomy":"category","embeddable":true,"href":"https:\/\/linitiative.ca\/International\/wp-json\/wp\/v2\/categories?post=41663"},{"taxonomy":"post_tag","embeddable":true,"href":"https:\/\/linitiative.ca\/International\/wp-json\/wp\/v2\/tags?post=41663"}],"curies":[{"name":"wp","href":"https:\/\/api.w.org\/{rel}","templated":true}]}}