{"id":41664,"date":"2019-06-20T06:00:00","date_gmt":"2019-06-20T10:00:00","guid":{"rendered":"https:\/\/linitiative.ca\/International\/un-enfant-ecrase-par-un-tracteur\/"},"modified":"2019-06-20T06:00:00","modified_gmt":"2019-06-20T10:00:00","slug":"un-enfant-ecrase-par-un-tracteur","status":"publish","type":"post","link":"https:\/\/linitiative.ca\/International\/un-enfant-ecrase-par-un-tracteur\/","title":{"rendered":"Un enfant \u00e9cras\u00e9 par un tracteur"},"content":{"rendered":"<div id=\"originalText\" readability=\"41\">\n<p class=\"c10\">Les \u00e9l\u00e9ments de la Protection civile de l&rsquo;unit\u00e9 de Dra\u00e2 El-Mizan, \u00e0 une quarantaine de kilom\u00e8tres au sud de Tizi Ouzou, sont intervenus avant-hier soir mardi aux environs de 20h pour d\u00e9gager le corps fr\u00eale d&rsquo;un enfant \u00e2g\u00e9 de 3 ans \u00e9cras\u00e9 accidentellement par un tracteur au village de Dra\u00e2 Sachem, une localit\u00e9 agricole\u00a0 situ\u00e9e \u00e0 quatre kilom\u00e8tres du centre-ville. La victime a \u00e9t\u00e9 \u00e9vacu\u00e9e \u00e0 la morgue de l&rsquo;h\u00f4pital Krim-Belkacem de Dra\u00e2 El-Mizan. Les services de s\u00e9curit\u00e9 ont aussit\u00f4t ouvert une enqu\u00eate pour d\u00e9terminer les circonstances exactes de cet horrible accident qui a mis tout le village en \u00e9moi. Le gar\u00e7on a \u00e9t\u00e9 inhum\u00e9, hier mercredi, dans le cimeti\u00e8re familial sis au hameau Ichemlal, en pr\u00e9sence d&rsquo;une foule nombreuse.\u00a0<br \/>\u00a0<\/p>\n<p class=\"c11\"><strong>O. Ghil\u00e8s<\/strong><\/p>\n<\/div>\n<div id=\"text_core\" readability=\"41\">\n<p class=\"c10\">Les \u00e9l\u00e9ments de la Protection civile de l&rsquo;unit\u00e9 de Dra\u00e2 El-Mizan, \u00e0 une quarantaine de kilom\u00e8tres au sud de Tizi Ouzou, sont intervenus avant-hier soir mardi aux environs de 20h pour d\u00e9gager le corps fr\u00eale d&rsquo;un enfant \u00e2g\u00e9 de 3 ans \u00e9cras\u00e9 accidentellement par un tracteur au village de Dra\u00e2 Sachem, une localit\u00e9 agricole\u00a0 situ\u00e9e \u00e0 quatre kilom\u00e8tres du centre-ville. La victime a \u00e9t\u00e9 \u00e9vacu\u00e9e \u00e0 la morgue de l&rsquo;h\u00f4pital Krim-Belkacem de Dra\u00e2 El-Mizan. Les services de s\u00e9curit\u00e9 ont aussit\u00f4t ouvert une enqu\u00eate pour d\u00e9terminer les circonstances exactes de cet horrible accident qui a mis tout le village en \u00e9moi. Le gar\u00e7on a \u00e9t\u00e9 inhum\u00e9, hier mercredi, dans le cimeti\u00e8re familial sis au hameau Ichemlal, en pr\u00e9sence d&rsquo;une foule nombreuse.\u00a0<br \/>\u00a0<\/p>\n<p class=\"c11\"><strong>O. Ghil\u00e8s<\/strong><\/p>\n<\/div>\n<p>Auteur:<br \/>\n<a href=\"https:\/\/www.liberte-algerie.com\/actualite\/un-enfant-ecrase-par-un-tracteur-318211\">Cliquez ici pour lire l&rsquo;article depuis sa source.<\/a><\/p>\n","protected":false},"excerpt":{"rendered":"<p>Les \u00e9l\u00e9ments de la Protection civile de l&rsquo;unit\u00e9 de Dra\u00e2 El-Mizan, \u00e0 une quarantaine de kilom\u00e8tres au sud de Tizi Ouzou, sont intervenus avant-hier soir mardi aux environs de 20h pour d\u00e9gager le corps fr\u00eale d&rsquo;un enfant \u00e2g\u00e9 de 3 ans \u00e9cras\u00e9 accidentellement par un tracteur au village de Dra\u00e2 Sachem, une localit\u00e9 agricole\u00a0 situ\u00e9e [&hellip;]<\/p>\n","protected":false},"author":1742,"featured_media":0,"comment_status":"closed","ping_status":"closed","sticky":false,"template":"","format":"standard","meta":{"fifu_image_url":"","fifu_image_alt":"","footnotes":""},"categories":[73,53],"tags":[],"class_list":["post-41664","post","type-post","status-publish","format-standard","hentry","category-actualite","category-algerie"],"_links":{"self":[{"href":"https:\/\/linitiative.ca\/International\/wp-json\/wp\/v2\/posts\/41664","targetHints":{"allow":["GET"]}}],"collection":[{"href":"https:\/\/linitiative.ca\/International\/wp-json\/wp\/v2\/posts"}],"about":[{"href":"https:\/\/linitiative.ca\/International\/wp-json\/wp\/v2\/types\/post"}],"author":[{"embeddable":true,"href":"https:\/\/linitiative.ca\/International\/wp-json\/wp\/v2\/users\/1742"}],"replies":[{"embeddable":true,"href":"https:\/\/linitiative.ca\/International\/wp-json\/wp\/v2\/comments?post=41664"}],"version-history":[{"count":0,"href":"https:\/\/linitiative.ca\/International\/wp-json\/wp\/v2\/posts\/41664\/revisions"}],"wp:attachment":[{"href":"https:\/\/linitiative.ca\/International\/wp-json\/wp\/v2\/media?parent=41664"}],"wp:term":[{"taxonomy":"category","embeddable":true,"href":"https:\/\/linitiative.ca\/International\/wp-json\/wp\/v2\/categories?post=41664"},{"taxonomy":"post_tag","embeddable":true,"href":"https:\/\/linitiative.ca\/International\/wp-json\/wp\/v2\/tags?post=41664"}],"curies":[{"name":"wp","href":"https:\/\/api.w.org\/{rel}","templated":true}]}}