{"id":41665,"date":"2019-06-20T06:00:00","date_gmt":"2019-06-20T10:00:00","guid":{"rendered":"https:\/\/linitiative.ca\/International\/un-etudiant-palestinien-poignarde-par-son-compatriote\/"},"modified":"2019-06-20T06:00:00","modified_gmt":"2019-06-20T10:00:00","slug":"un-etudiant-palestinien-poignarde-par-son-compatriote","status":"publish","type":"post","link":"https:\/\/linitiative.ca\/International\/un-etudiant-palestinien-poignarde-par-son-compatriote\/","title":{"rendered":"Un \u00e9tudiant palestinien poignard\u00e9 par son compatriote"},"content":{"rendered":"<div id=\"originalText\" readability=\"51\">\n<p>Un \u00e9tudiant en deuxi\u00e8me ann\u00e9e droit, d\u2019origine palestinienne et \u00e2g\u00e9 de 22 ans, a \u00e9t\u00e9 mortellement poignard\u00e9, hier, par son compatriote, \u00e2g\u00e9 de 20 ans et \u00e9tudiant en premi\u00e8re ann\u00e9e de\u00a0g\u00e9nie civil.\u00a0Selon la cellule de communication de la s\u00fbret\u00e9 de wilaya, le drame se serait produit aux environs de deux heures du matin au niveau de la cit\u00e9 universitaire Attar et ce, suite \u00e0 une dispute entre la victime et l\u2019auteur du crime.<\/p>\n<p>Aussit\u00f4t alert\u00e9s, les \u00e9l\u00e9ments de la s\u00fbret\u00e9 de wilaya ont \u00e9t\u00e9 d\u00e9p\u00each\u00e9s sur les lieux du crime et ont r\u00e9ussi \u00e0 arr\u00eater le pr\u00e9sum\u00e9 auteur du meurtre. La victime, atteinte au niveau de la poitrine, a \u00e9t\u00e9 \u00e9vacu\u00e9e par les agents de la Protection civile vers le CHU Abdelkader-Hassani, o\u00f9 elle a succomb\u00e9 \u00e0 ses blessures.\u00a0Les motifs du meurtre sont pour l\u2019heure ind\u00e9termin\u00e9s. Une enqu\u00eate a \u00e9t\u00e9 aussit\u00f4t ouverte pour \u00e9lucider les circonstances de ce drame.<br \/>\u00a0<\/p>\n<p class=\"c10\"><strong>A. BOUSMAHA<\/strong><\/p>\n<\/div>\n<div id=\"text_core\" readability=\"51\">\n<p>Un \u00e9tudiant en deuxi\u00e8me ann\u00e9e droit, d\u2019origine palestinienne et \u00e2g\u00e9 de 22 ans, a \u00e9t\u00e9 mortellement poignard\u00e9, hier, par son compatriote, \u00e2g\u00e9 de 20 ans et \u00e9tudiant en premi\u00e8re ann\u00e9e de\u00a0g\u00e9nie civil.\u00a0Selon la cellule de communication de la s\u00fbret\u00e9 de wilaya, le drame se serait produit aux environs de deux heures du matin au niveau de la cit\u00e9 universitaire Attar et ce, suite \u00e0 une dispute entre la victime et l\u2019auteur du crime.<\/p>\n<p>Aussit\u00f4t alert\u00e9s, les \u00e9l\u00e9ments de la s\u00fbret\u00e9 de wilaya ont \u00e9t\u00e9 d\u00e9p\u00each\u00e9s sur les lieux du crime et ont r\u00e9ussi \u00e0 arr\u00eater le pr\u00e9sum\u00e9 auteur du meurtre. La victime, atteinte au niveau de la poitrine, a \u00e9t\u00e9 \u00e9vacu\u00e9e par les agents de la Protection civile vers le CHU Abdelkader-Hassani, o\u00f9 elle a succomb\u00e9 \u00e0 ses blessures.\u00a0Les motifs du meurtre sont pour l\u2019heure ind\u00e9termin\u00e9s. Une enqu\u00eate a \u00e9t\u00e9 aussit\u00f4t ouverte pour \u00e9lucider les circonstances de ce drame.<br \/>\u00a0<\/p>\n<p class=\"c10\"><strong>A. BOUSMAHA<\/strong><\/p>\n<\/div>\n<p>Auteur:<br \/>\n<a href=\"https:\/\/www.liberte-algerie.com\/actualite\/un-etudiant-palestinien-poignarde-par-son-compatriote-318210\">Cliquez ici pour lire l&rsquo;article depuis sa source.<\/a><\/p>\n","protected":false},"excerpt":{"rendered":"<p>Un \u00e9tudiant en deuxi\u00e8me ann\u00e9e droit, d\u2019origine palestinienne et \u00e2g\u00e9 de 22 ans, a \u00e9t\u00e9 mortellement poignard\u00e9, hier, par son compatriote, \u00e2g\u00e9 de 20 ans et \u00e9tudiant en premi\u00e8re ann\u00e9e de\u00a0g\u00e9nie civil.\u00a0Selon la cellule de communication de la s\u00fbret\u00e9 de wilaya, le drame se serait produit aux environs de deux heures du matin au niveau [&hellip;]<\/p>\n","protected":false},"author":1742,"featured_media":0,"comment_status":"closed","ping_status":"closed","sticky":false,"template":"","format":"standard","meta":{"fifu_image_url":"","fifu_image_alt":"","footnotes":""},"categories":[73,53],"tags":[],"class_list":["post-41665","post","type-post","status-publish","format-standard","hentry","category-actualite","category-algerie"],"_links":{"self":[{"href":"https:\/\/linitiative.ca\/International\/wp-json\/wp\/v2\/posts\/41665","targetHints":{"allow":["GET"]}}],"collection":[{"href":"https:\/\/linitiative.ca\/International\/wp-json\/wp\/v2\/posts"}],"about":[{"href":"https:\/\/linitiative.ca\/International\/wp-json\/wp\/v2\/types\/post"}],"author":[{"embeddable":true,"href":"https:\/\/linitiative.ca\/International\/wp-json\/wp\/v2\/users\/1742"}],"replies":[{"embeddable":true,"href":"https:\/\/linitiative.ca\/International\/wp-json\/wp\/v2\/comments?post=41665"}],"version-history":[{"count":0,"href":"https:\/\/linitiative.ca\/International\/wp-json\/wp\/v2\/posts\/41665\/revisions"}],"wp:attachment":[{"href":"https:\/\/linitiative.ca\/International\/wp-json\/wp\/v2\/media?parent=41665"}],"wp:term":[{"taxonomy":"category","embeddable":true,"href":"https:\/\/linitiative.ca\/International\/wp-json\/wp\/v2\/categories?post=41665"},{"taxonomy":"post_tag","embeddable":true,"href":"https:\/\/linitiative.ca\/International\/wp-json\/wp\/v2\/tags?post=41665"}],"curies":[{"name":"wp","href":"https:\/\/api.w.org\/{rel}","templated":true}]}}