{"id":41670,"date":"2019-06-19T19:50:15","date_gmt":"2019-06-19T23:50:15","guid":{"rendered":"https:\/\/linitiative.ca\/International\/rencontre-sur-lamelioration-du-climat-des-affaires\/"},"modified":"2019-06-19T19:50:15","modified_gmt":"2019-06-19T23:50:15","slug":"rencontre-sur-lamelioration-du-climat-des-affaires","status":"publish","type":"post","link":"https:\/\/linitiative.ca\/International\/rencontre-sur-lamelioration-du-climat-des-affaires\/","title":{"rendered":"Rencontre sur l\u2019am\u00e9lioration du climat des affaires"},"content":{"rendered":"<div readability=\"36\">\n<p>Marrakech \u2013 Une rencontre r\u00e9gionale ax\u00e9e sur l\u2019am\u00e9lioration du climat des affaires et le suivi des d\u00e9lais de paiement au niveau de la r\u00e9gion de Marrakech-Safi, a \u00e9t\u00e9 organis\u00e9e, mercredi au si\u00e8ge de la wilaya de ladite r\u00e9gion<\/p>\n<\/div>\n<div readability=\"141\">\n<p>Initi\u00e9e en coordination avec la Direction G\u00e9n\u00e9rale des Collectivit\u00e9s Territoriales (DGCL) et la Tr\u00e9sorerie G\u00e9n\u00e9rale du Royaume (TGR), cette rencontre s\u2019inscrit dans le cadre d\u2019une tourn\u00e9e d\u00e9di\u00e9e \u00e0 la sensibilisation et \u00e0 l\u2019information autour des mesures mises en \u0153uvre pour r\u00e9duire les d\u00e9lais et les arri\u00e9r\u00e9s de paiement en faveur des entreprises qui travaillent avec les collectivit\u00e9s territoriales et les services d\u00e9centralis\u00e9s des administrations et des entreprises publiques.<\/p>\n<p>Cette r\u00e9union, organis\u00e9e en partenariat avec le Conseil de la r\u00e9gion de Marrakech-Safi, a \u00e9t\u00e9 l\u2019occasion pour le Wali Directeur g\u00e9n\u00e9ral des Collectivit\u00e9s territoriales, Khalid Safir, de souligner que le minist\u00e8re de l\u2019Int\u00e9rieur accorde un grand int\u00e9r\u00eat \u00e0 l\u2019am\u00e9lioration du climat des affaires, \u00e0 la r\u00e9union des conditions incitatives \u00e0 l\u2019investissement, et \u00e0 la cr\u00e9ation des opportunit\u00e9s d\u2019emplois et ce, \u00e0 travers l\u2019adoption d\u2019une batterie de mesures, notamment la nouvelle loi relative aux Centres R\u00e9gionaux d\u2019Investissement (CRI).<\/p>\n<p>Et de poursuivre que ces Centres auront pour mission la mise en application de la politique de l\u2019Etat en mati\u00e8re de stimulation, d\u2019attraction de promotion des investissements, outre la d\u00e9cision conjointe d\u00e9finissant le mode d\u2019activation de la d\u00e9mat\u00e9rialisation des proc\u00e9dures relatives au d\u00e9p\u00f4t et \u00e0 l\u2019examen des demandes des autorisations de construction, des permis d\u2019habiter, des certificats de conformit\u00e9 et leur d\u00e9livrance, entre autres.<\/p>\n<p>Apr\u00e8s avoir soulign\u00e9 que le retard des paiements menace le climat des affaires et les \u00e9quilibres financiers des entreprises, M. Safir a estim\u00e9 que le renforcement de la transparence des proc\u00e9dures et la r\u00e9duction des d\u00e9lais de paiement, en tant que facteurs d\u2019am\u00e9lioration du climat des affaires et de r\u00e9duction des menaces qui guettent les entreprises, se sont \u00e9rig\u00e9s en une priorit\u00e9 nationale.<\/p>\n<p>Il a fait savoir \u00e9galement que la r\u00e9ussite de ce grand chantier national requiert l\u2019implication de l\u2019ensemble des acteurs et la f\u00e9d\u00e9ration des efforts de tous pour l\u2019identification des obstacles et le r\u00e8glement de toutes les probl\u00e9matiques auxquelles les entreprises se trouvent confront\u00e9es en ce qui concerne les d\u00e9lais de paiement ainsi que des dettes, lesquels impactent n\u00e9gativement le d\u00e9veloppement de l\u2019\u00e9conomie nationale et la continuit\u00e9 des activit\u00e9s commerciales des entreprises.<\/p>\n<p>De son c\u00f4t\u00e9, le Wali de la r\u00e9gion de Marrakech-Safi, Karim Kassi-Lahlou, a relev\u00e9 que l\u2019am\u00e9lioration du climat des affaires jouit d\u2019un int\u00e9r\u00eat particulier compte tenu des cons\u00e9quences du retard des paiements sur l\u2019entreprise et son activit\u00e9 visant la cr\u00e9ation de richesses et de postes d\u2019emploi, appelant, dans ce sens, \u00e0 accorder \u00e0 cette question une importance de taille afin d\u2019appuyer les entreprises, notamment celles petites et moyennes qui se trouvent li\u00e9es par des contrats avec l\u2019administration, les \u00e9tablissements publics et les collectivit\u00e9s territoriales.<\/p>\n<p>Il a, dans ce contexte, pass\u00e9 en revue une panoplie de mesures prises par les services relevant de la wilaya de la r\u00e9gion de Marrakech-Safi et les autres provinces de ladite r\u00e9gion dans ce domaine.<\/p>\n<p>En ce qui concerne le suivi des d\u00e9lais de paiement, M. Kassi-Lahlou a fait savoir que ce d\u00e9lai est pass\u00e9 de 22 jours au titre de 2018 \u00e0 9 jours en ce qui concerne les collectivit\u00e9s territoriales, et de 22 \u00e0 14 jours pour ce qui est des administrations publiques, insistant sur la n\u00e9cessit\u00e9 de redoubler d\u2019efforts en vue de transcender certaines contraintes proc\u00e9durales \u00e0 m\u00eame de permettre \u00e0 l\u2019entreprise de disposer de liquidit\u00e9 financi\u00e8re pour r\u00e9aliser la croissance escompt\u00e9e.<\/p>\n<p>Pour sa part, le Tr\u00e9sorier G\u00e9n\u00e9ral du Royaume, Noureddine Bensouda, a indiqu\u00e9 que l\u2019impact positif des commandes publiques, qui jouent un r\u00f4le important dans le d\u00e9veloppement \u00e9conomique, la cr\u00e9ation des richesses et des opportunit\u00e9s d\u2019emploi, sur les entreprises du secteur priv\u00e9 et l\u2019\u00e9conomie nationale en g\u00e9n\u00e9ral, demeure tributaire de l\u2019efficience du syst\u00e8me de paiement des dettes de l\u2019Etat, des collectivit\u00e9s territoriales, des entreprises et des \u00e9tablissements publics.<\/p>\n<p>Et d\u2019ajouter que le retard des paiements n\u2019impacte pas seulement les entreprises concern\u00e9es mais engendre des r\u00e9sultats n\u00e9gatifs sur l\u2019ensemble de leurs fournisseurs, d\u2019autant plus que ce retard peut conduire les entreprises et soci\u00e9t\u00e9s vuln\u00e9rables, notamment les toutes petites, petites et moyennes entreprises (TPE) et (PME) \u00e0 d\u00e9clarer leur faillite.<\/p>\n<p>M. Bensouda a fait observer que la m\u00e9thodologie adopt\u00e9e pour la concr\u00e9tisation et la mise en application de la r\u00e9forme li\u00e9e aux d\u00e9lais de paiement en ce qui concerne l\u2019Etat et les collectivit\u00e9s territoriales a d\u00e9montr\u00e9 que l\u2019\u00e9valuation p\u00e9riodique et l\u2019actualisation continue des m\u00e9canismes d\u2019intervention se veulent des outils indispensables pour atteindre le succ\u00e8s, l\u2019efficacit\u00e9 et l\u2019efficience requis.<\/p>\n<p>Il a, en outre, indiqu\u00e9 que l\u2019implication de l\u2019ensemble des acteurs concern\u00e9s et la pers\u00e9v\u00e9rance dans la gestion du changement constituent le socle de la r\u00e9ussite de toute r\u00e9forme, outre l\u2019usage idoine des syst\u00e8mes informatiques et l\u2019exploitation des opportunit\u00e9s qu\u2019ils offrent aux op\u00e9rateurs \u00e9conomiques, sans oublier l\u2019ouverture sur les exp\u00e9riences internationales.<\/p>\n<p>Cette rencontre a \u00e9t\u00e9 l\u2019occasion pour les diff\u00e9rents acteurs \u00e9conomiques d\u2019\u00e9changer les points de vue et de prendre connaissance des diff\u00e9rentes proc\u00e9dures et mesures adopt\u00e9es en vue de r\u00e9duire les d\u00e9lais de paiement et de ma\u00eetriser les dettes dues aux fournisseurs.<\/p>\n<\/div>\n<p>Auteur: Meriem IGASS<br \/>\n<a href=\"http:\/\/www.mapmarrakech.ma\/fr\/marrakech-safi-rencontre-sur-lamelioration-du-climat-des-affaires\/\">Cliquez ici pour lire l&rsquo;article depuis sa source.<\/a><\/p>\n","protected":false},"excerpt":{"rendered":"<p>Marrakech \u2013 Une rencontre r\u00e9gionale ax\u00e9e sur l\u2019am\u00e9lioration du climat des affaires et le suivi des d\u00e9lais de paiement au niveau de la r\u00e9gion de Marrakech-Safi, a \u00e9t\u00e9 organis\u00e9e, mercredi au si\u00e8ge de la wilaya de ladite r\u00e9gion Initi\u00e9e en coordination avec la Direction G\u00e9n\u00e9rale des Collectivit\u00e9s Territoriales (DGCL) et la Tr\u00e9sorerie G\u00e9n\u00e9rale du Royaume [&hellip;]<\/p>\n","protected":false},"author":1788,"featured_media":0,"comment_status":"closed","ping_status":"closed","sticky":false,"template":"","format":"standard","meta":{"fifu_image_url":"","fifu_image_alt":"","footnotes":""},"categories":[54,76],"tags":[],"class_list":["post-41670","post","type-post","status-publish","format-standard","hentry","category-maroc","category-regions"],"_links":{"self":[{"href":"https:\/\/linitiative.ca\/International\/wp-json\/wp\/v2\/posts\/41670","targetHints":{"allow":["GET"]}}],"collection":[{"href":"https:\/\/linitiative.ca\/International\/wp-json\/wp\/v2\/posts"}],"about":[{"href":"https:\/\/linitiative.ca\/International\/wp-json\/wp\/v2\/types\/post"}],"author":[{"embeddable":true,"href":"https:\/\/linitiative.ca\/International\/wp-json\/wp\/v2\/users\/1788"}],"replies":[{"embeddable":true,"href":"https:\/\/linitiative.ca\/International\/wp-json\/wp\/v2\/comments?post=41670"}],"version-history":[{"count":0,"href":"https:\/\/linitiative.ca\/International\/wp-json\/wp\/v2\/posts\/41670\/revisions"}],"wp:attachment":[{"href":"https:\/\/linitiative.ca\/International\/wp-json\/wp\/v2\/media?parent=41670"}],"wp:term":[{"taxonomy":"category","embeddable":true,"href":"https:\/\/linitiative.ca\/International\/wp-json\/wp\/v2\/categories?post=41670"},{"taxonomy":"post_tag","embeddable":true,"href":"https:\/\/linitiative.ca\/International\/wp-json\/wp\/v2\/tags?post=41670"}],"curies":[{"name":"wp","href":"https:\/\/api.w.org\/{rel}","templated":true}]}}