{"id":41672,"date":"2019-06-20T07:55:35","date_gmt":"2019-06-20T11:55:35","guid":{"rendered":"https:\/\/linitiative.ca\/International\/les-comptables-africains-en-conclave-a-marrakech\/"},"modified":"2019-06-20T07:55:35","modified_gmt":"2019-06-20T11:55:35","slug":"les-comptables-africains-en-conclave-a-marrakech","status":"publish","type":"post","link":"https:\/\/linitiative.ca\/International\/les-comptables-africains-en-conclave-a-marrakech\/","title":{"rendered":"Les comptables africains en conclave \u00e0 Marrakech"},"content":{"rendered":"<div readability=\"42\">\n<p>Marrakech \u2013 Plus de 1.200 comptables, \u00e9conomistes, professionnels de la finance, investisseurs, entrepreneurs et d\u00e9cideurs issus d\u2019une cinquantaine de pays, dont 47 pays africains, se r\u00e9unissent du 19 au 21 juin, pour d\u00e9battre du r\u00f4le que doivent jouer les m\u00e9tiers de comptable et d\u2019audit sur la performance du secteur public en termes d\u2019efficacit\u00e9 et d\u2019efficience \u00e9conomique en Afrique.<\/p>\n<\/div>\n<div readability=\"151\">\n<p>R\u00e9unis dans le cadre de la 5\u00e8me \u00e9dition du Congr\u00e8s africain de la profession comptable \u00ab\u00a0ACOA 2019\u00a0\u00bb, un \u00e9v\u00e9nement plac\u00e9 sous le Haut Patronage de SM le Roi Mohammed VI,\u00a0les participants \u00e9changent aussi sur la contribution de la profession comptable pour b\u00e2tir un secteur public plus performant au service du d\u00e9veloppement de l\u2019Afrique.<\/p>\n<p>Intervenant \u00e0 la c\u00e9r\u00e9monie d\u2019ouverture de cette rencontre, le ministre de l\u2019Economie et des finances, Mohamed Bencha\u00e2boun, a soulign\u00e9 que la vocation africaine du Maroc a pris sous le r\u00e8gne de SM le Roi Mohammed VI, une nouvelle dimension en s\u2019inscrivant dans le cadre d\u2019une vision sur le long terme et en s\u2019appuyant sur la coop\u00e9ration Sud-Sud et sur l\u2019imp\u00e9ratif du d\u00e9veloppement humain.<\/p>\n<p>Dans une allocution lue en son nom par le secr\u00e9taire g\u00e9n\u00e9ral du minist\u00e8re, Zouhair Chorfi, M. Bencha\u00e2boun a relev\u00e9 que le Maroc a engag\u00e9 un d\u00e9bat et une r\u00e9flexion sur la n\u00e9cessit\u00e9 de d\u00e9passer certaines insuffisances de son mod\u00e8le de d\u00e9veloppement \u00e0 travers notamment une meilleure gouvernance institutionnelle visant la modernisation de l\u2019appareil de l\u2019Etat, l\u2019am\u00e9lioration de la comp\u00e9titivit\u00e9 industrielle, la qualification du capital humain, la consolidation et la g\u00e9n\u00e9ralisation des syst\u00e8mes de protection sociale, la r\u00e9duction des disparit\u00e9s sociales et r\u00e9gionales et la cr\u00e9ation d\u2019une synergie entre les diff\u00e9rentes strat\u00e9gies sectorielles.<\/p>\n<p>Dans ce cadre, il a indiqu\u00e9 que les r\u00e9formes entreprises par le Maroc lui ont permis d\u2019am\u00e9liorer le climat d\u2019affaires et de gagner 10 places dans le rapport Doing business r\u00e9alis\u00e9 par la Banque mondiale, passant de la 69\u00e8 place en 2018 \u00e0 la 60\u00e8 place en 2019.<\/p>\n<p>\u00ab\u00a0Notre ambition est de se hisser au 50\u00e8 rang mondial \u00e0 l\u2019horizon 2021\u00a0\u00bb, a-t-il ajout\u00e9, indiquant que pour y parvenir, le Maroc poursuivra les r\u00e9formes d\u00e9j\u00e0 entreprises et acc\u00e9l\u00e9rera le rythme d\u2019autres r\u00e9formes mises en place notamment l\u2019op\u00e9rationnalisation des nouveaux centres r\u00e9gionaux d\u2019investissement.<\/p>\n<p>La secr\u00e9taire d\u2019Etat charg\u00e9e du tourisme, Lamia Boutaleb, a pour sa part, mis en exergue l\u2019impact des m\u00e9tiers de comptabilit\u00e9 et d\u2019audit sur les secteurs publics en termes d\u2019efficacit\u00e9, d\u2019efficience, de gouvernance, de transparence et d\u2019\u00e9conomie.<\/p>\n<p>Cette profession contribue \u00e0 coup s\u00fbr \u00e0 b\u00e2tir un secteur public plus performant au service du d\u00e9veloppement de l\u2019Afrique, a-t-elle ajout\u00e9, mettant en exergue le soutien qu\u2019apporte le gouvernement marocain au renforcement du r\u00f4le de la profession de comptable dans le d\u00e9veloppement des secteurs publics.<\/p>\n<p>Mme Boutaleb a par ailleurs, mis l\u2019accent sur les nombreuses r\u00e9formes entreprises par le Royaume et qui ont permis d\u2019am\u00e9liorer l\u2019acc\u00e8s aux services publics ainsi que le d\u00e9veloppement des infrastructures qui ont eu un impact significatif sur l\u2019am\u00e9lioration du climat des affaires au Maroc.<\/p>\n<p>Le pr\u00e9sident de la F\u00e9d\u00e9ration internationale des comptables (IFAC), In-Ki Joo, a fait observer de son c\u00f4t\u00e9, que les comptables ont toujours repr\u00e9sent\u00e9 la transparence fiscale, qui est une condition sine qua non de la prosp\u00e9rit\u00e9 \u00e9conomique.<\/p>\n<p>Et de noter que la fraude et la corruption forment des obstacles \u00e0 la croissance en Afrique, appelant dans ce sens \u00e0 une coop\u00e9ration \u00e9troite entre le secteur public et le secteur priv\u00e9 pour lutter contre la criminalit\u00e9 financi\u00e8re, la fraude et la corruption.<\/p>\n<p>Et de plaider pour l\u2019adoption de normes comptables internationales pour atteindre l\u2019efficacit\u00e9 entre les \u00e9conomies mondiales.<\/p>\n<p>Le pr\u00e9sident de la F\u00e9d\u00e9ration Panafricaine des Professionnels de la Comptabilit\u00e9 (PAFA), Jacobus du Toit, a pour sa part, mis en relief le r\u00f4le des comptables dans l\u2019am\u00e9lioration du climat d\u2019affaires, appelant \u00e0 l\u2019inclusion des repr\u00e9sentants de cette profession dans tous les projets de d\u00e9veloppement.<\/p>\n<p>Le pr\u00e9sident de l\u2019Ordre des Experts-Comptables du Maroc, Issam El Maguiri, a de son c\u00f4t\u00e9, soulign\u00e9 que le r\u00f4le de la profession du comptable est strat\u00e9gique \u00e9tant donn\u00e9 qu\u2019une information comptable financi\u00e8re, fiable et pertinente est la base de l\u2019Etat de droit et de d\u00e9mocratie, indiquant que la profession de comptable contribue \u00e0 l\u2019am\u00e9lioration de l\u2019efficacit\u00e9 administrative et territoriale.<\/p>\n<p>Organis\u00e9e sous le th\u00e8me \u00ab\u00a0Pour un secteur public performant en Afrique\u00a0\u00bb,\u00a0par l\u2019Ordre des Experts-Comptables du Maroc en collaboration avec la PAFA,\u00a0cette conf\u00e9rence cherche \u00e0 mettre en \u00e9vidence la n\u00e9cessit\u00e9 de r\u00e9ussir les performances du secteur public en Afrique.<\/p>\n<p>Les participants \u00e0 cette rencontre d\u00e9battront durant trois jours de th\u00e9matiques se rapportant \u00e0 \u00ab\u00a0Des institutions fortes pour des politiques publiques et une gestion de la valeur publique r\u00e9ussies en Afrique\u00a0\u00bb, \u00ab\u00a0La pens\u00e9e int\u00e9gr\u00e9e, un choix pour g\u00e9rer les ressources et la performance du secteur public dans l\u2019int\u00e9r\u00eat de l\u2019Afrique\u00a0\u00bb et \u00ab\u00a0Mesure de la performance, \u00e9valuation des impacts et imp\u00e9ratif de redevabilit\u00e9\u00a0\u00bb.<\/p>\n<p>Au menu figurent \u00e9galement des ateliers et la pr\u00e9sentation des \u00e9tudes conjointes IFAC (International Federation of Accountants)- ACCA (Association of Chartered Certified Accountants) sur les bonnes pratiques en gestion des finances publiques.<\/p>\n<p>Le Maroc est membre de l\u2019organisation PAFA cr\u00e9\u00e9e en 2011 et si\u00e8ge au sein de son conseil d\u2019administration.<\/p>\n<\/div>\n<p>Auteur: Meriem IGASS<br \/>\n<a href=\"http:\/\/www.mapmarrakech.ma\/fr\/les-comptables-africains-en-conclave-a-marrakech\/\">Cliquez ici pour lire l&rsquo;article depuis sa source.<\/a><\/p>\n","protected":false},"excerpt":{"rendered":"<p>Marrakech \u2013 Plus de 1.200 comptables, \u00e9conomistes, professionnels de la finance, investisseurs, entrepreneurs et d\u00e9cideurs issus d\u2019une cinquantaine de pays, dont 47 pays africains, se r\u00e9unissent du 19 au 21 juin, pour d\u00e9battre du r\u00f4le que doivent jouer les m\u00e9tiers de comptable et d\u2019audit sur la performance du secteur public en termes d\u2019efficacit\u00e9 et d\u2019efficience [&hellip;]<\/p>\n","protected":false},"author":1788,"featured_media":0,"comment_status":"closed","ping_status":"closed","sticky":false,"template":"","format":"standard","meta":{"fifu_image_url":"","fifu_image_alt":"","footnotes":""},"categories":[54,76],"tags":[],"class_list":["post-41672","post","type-post","status-publish","format-standard","hentry","category-maroc","category-regions"],"_links":{"self":[{"href":"https:\/\/linitiative.ca\/International\/wp-json\/wp\/v2\/posts\/41672","targetHints":{"allow":["GET"]}}],"collection":[{"href":"https:\/\/linitiative.ca\/International\/wp-json\/wp\/v2\/posts"}],"about":[{"href":"https:\/\/linitiative.ca\/International\/wp-json\/wp\/v2\/types\/post"}],"author":[{"embeddable":true,"href":"https:\/\/linitiative.ca\/International\/wp-json\/wp\/v2\/users\/1788"}],"replies":[{"embeddable":true,"href":"https:\/\/linitiative.ca\/International\/wp-json\/wp\/v2\/comments?post=41672"}],"version-history":[{"count":0,"href":"https:\/\/linitiative.ca\/International\/wp-json\/wp\/v2\/posts\/41672\/revisions"}],"wp:attachment":[{"href":"https:\/\/linitiative.ca\/International\/wp-json\/wp\/v2\/media?parent=41672"}],"wp:term":[{"taxonomy":"category","embeddable":true,"href":"https:\/\/linitiative.ca\/International\/wp-json\/wp\/v2\/categories?post=41672"},{"taxonomy":"post_tag","embeddable":true,"href":"https:\/\/linitiative.ca\/International\/wp-json\/wp\/v2\/tags?post=41672"}],"curies":[{"name":"wp","href":"https:\/\/api.w.org\/{rel}","templated":true}]}}