{"id":41673,"date":"2019-06-20T08:07:55","date_gmt":"2019-06-20T12:07:55","guid":{"rendered":"https:\/\/linitiative.ca\/International\/les-hoteliers-appeles-a-ameliorer-lefficacite-energetique\/"},"modified":"2019-06-20T08:07:55","modified_gmt":"2019-06-20T12:07:55","slug":"les-hoteliers-appeles-a-ameliorer-lefficacite-energetique","status":"publish","type":"post","link":"https:\/\/linitiative.ca\/International\/les-hoteliers-appeles-a-ameliorer-lefficacite-energetique\/","title":{"rendered":"Les h\u00f4teliers appel\u00e9s \u00e0 am\u00e9liorer l\u2019efficacit\u00e9 \u00e9nerg\u00e9tique"},"content":{"rendered":"<div readability=\"40\">\n<p>Marrakech \u2013 Le ministre de l\u2019\u00c9nergie, des mines et du d\u00e9veloppement durable, Aziz Rabbah a appel\u00e9 mercredi, \u00e0 Marrakech, les \u00e9tablissements h\u00f4teliers \u00e0 recourir \u00e0 des solutions concr\u00e8tes, int\u00e9gr\u00e9es et efficientes pour am\u00e9liorer l\u2019efficacit\u00e9 \u00e9nerg\u00e9tique et r\u00e9duire la facture \u00e9nerg\u00e9tique de ces \u00e9tablissements touristiques.<\/p>\n<\/div>\n<div readability=\"94\">\n<p>Intervenant \u00e0 la premi\u00e8re conf\u00e9rence sur la performance \u00e9nerg\u00e9tique dans l\u2019h\u00f4tellerie, M. Rabbah a indiqu\u00e9 que le recours \u00e0 des r\u00e9ponses int\u00e9gr\u00e9es et durables pour am\u00e9liorer l\u2019efficacit\u00e9 \u00e9nerg\u00e9tique est de nature \u00e0 contribuer \u00e0 r\u00e9duire la facture \u00e9nerg\u00e9tique de ces \u00e9tablissements touristiques, dont la consommation \u00e9nerg\u00e9tique reste tr\u00e8s \u00e9lev\u00e9e par rapport \u00e0 d\u2019autres secteurs.<\/p>\n<p>Dans ce contexte, le ministre a relev\u00e9 que l\u2019efficacit\u00e9 \u00e9nerg\u00e9tique dans les \u00e9tablissements h\u00f4teliers est devenue plus qu\u2019une n\u00e9cessit\u00e9 vu son impact financier et environnemental, mettant l\u2019accent sur la n\u00e9cessit\u00e9 d\u2019instaurer un d\u00e9bat entre tous les intervenants du domaine \u00e9nerg\u00e9tique et ces \u00e9tablissements touristiques en vue de pr\u00e9senter des solutions susceptibles d\u2019am\u00e9liorer l\u2019efficacit\u00e9 \u00e9nerg\u00e9tique.<\/p>\n<p>Apr\u00e8s avoir soulign\u00e9 que la transition \u00e9nerg\u00e9tique est tributaire de l\u2019efficacit\u00e9 \u00e9nerg\u00e9tique non seulement pour les \u00e9nergies fossiles et \u00e9lectriques mais aussi les \u00e9nergies renouvelables, M. Rabbah a indiqu\u00e9 que le minist\u00e8re \u0153uvre actuellement \u00e0 instaurer un cadre juridique pour accompagner cette efficacit\u00e9 \u00e9nerg\u00e9tique aux c\u00f4t\u00e9s des institutions concern\u00e9es.<\/p>\n<p>Cet \u00e9v\u00e9nement a pour ambition de sensibiliser les h\u00f4teliers \u00e0 l\u2019importance de la gestion efficiente et sobre de l\u2019\u00e9nergie et de leur proposer des solutions concr\u00e8tes sur la rationalisation de la consommation d\u2019\u00e9nergie et l\u2019am\u00e9lioration de leur comp\u00e9titivit\u00e9, a-t-il ajout\u00e9.<\/p>\n<p>Le directeur g\u00e9n\u00e9ral de l\u2019Agence Marocaine pour l\u2019Efficacit\u00e9 \u00c9nerg\u00e9tique (AMEE), Said Mouline, a pour sa part, fait observer que le Maroc s\u2019est engag\u00e9 depuis des d\u00e9cennies dans l\u2019efficacit\u00e9 \u00e9nerg\u00e9tique en tant qu\u2019axe prioritaire dans sa strat\u00e9gie nationale \u00e9nerg\u00e9tique.<\/p>\n<p>Il a en outre, indiqu\u00e9 que l\u2019AMEE est en train d\u2019\u00e9laborer le cadre juridique de l\u2019efficacit\u00e9 \u00e9nerg\u00e9tique dans les \u00e9tablissements touristiques en vue de r\u00e9duire la facture \u00e9nerg\u00e9tique et rationaliser la consommation de l\u2019\u00e9nergie et sensibiliser les h\u00f4teliers sur les r\u00e9ponses durables \u00e0 m\u00eame d\u2019am\u00e9liorer l\u2019efficacit\u00e9 \u00e9nerg\u00e9tique.<\/p>\n<p>Plac\u00e9e sous l\u2019\u00e9gide du Minist\u00e8re de l\u2019Energie, des Mines et du D\u00e9veloppement Durable, cette conf\u00e9rence qui a connu la participation de 200 h\u00f4teliers et professionnels de l\u2019\u00e9cosyst\u00e8me \u00e9nerg\u00e9tique, a \u00e9t\u00e9 l\u2019occasion pour les h\u00f4teliers marocains de prendre connaissance des solutions concr\u00e8tes pour optimiser la consommation \u00e9nerg\u00e9tique de leurs \u00e9tablissements et am\u00e9liorer ainsi leur comp\u00e9titivit\u00e9.<\/p>\n<p>Le Morseff, ligne marocaine de financement de l\u2019\u00e9nergie durable destin\u00e9e au secteur priv\u00e9, a identifi\u00e9 plusieurs postes \u00e9nergivores dans le secteur h\u00f4telier notamment la climatisation et le chauffage repr\u00e9sentant \u00e0 eux seuls 34% de la consommation \u00e9nerg\u00e9tique ainsi que l\u2019\u00e9clairage avec plus de 21%.<\/p>\n<p>Un des sujets phares de cette conf\u00e9rence concerne la climatisation avec un focus sur les innovations contractuelles de l\u2019efficacit\u00e9 \u00e9nerg\u00e9tique qui touchent essentiellement les r\u00e9seaux de froid urbain et la thalasso thermie ainsi que les nouveaux concepts de climatisation en \u00ab\u00a0split syst\u00e8me\u00a0\u00bb.<\/p>\n<p>Cet \u00e9v\u00e9nements s\u2019inscrit dans le cadre de l\u2019organisation depuis 4 ans des rencontres africaines de l\u2019efficacit\u00e9 \u00e9nerg\u00e9tique, dont la cinqui\u00e8me \u00e9dition s\u2019est tenue \u00e0 Casablanca en mars 2019 en pr\u00e9sence de repr\u00e9sentants de plusieurs pays africains et d\u2019experts en provenance d\u2019organisations internationales.<\/p>\n<\/div>\n<p>Auteur: Meriem IGASS<br \/>\n<a href=\"http:\/\/www.mapmarrakech.ma\/fr\/les-etablissements-hoteliers-appeles-a-ameliorer-lefficacite-energetique\/\">Cliquez ici pour lire l&rsquo;article depuis sa source.<\/a><\/p>\n","protected":false},"excerpt":{"rendered":"<p>Marrakech \u2013 Le ministre de l\u2019\u00c9nergie, des mines et du d\u00e9veloppement durable, Aziz Rabbah a appel\u00e9 mercredi, \u00e0 Marrakech, les \u00e9tablissements h\u00f4teliers \u00e0 recourir \u00e0 des solutions concr\u00e8tes, int\u00e9gr\u00e9es et efficientes pour am\u00e9liorer l\u2019efficacit\u00e9 \u00e9nerg\u00e9tique et r\u00e9duire la facture \u00e9nerg\u00e9tique de ces \u00e9tablissements touristiques. Intervenant \u00e0 la premi\u00e8re conf\u00e9rence sur la performance \u00e9nerg\u00e9tique dans l\u2019h\u00f4tellerie, [&hellip;]<\/p>\n","protected":false},"author":1788,"featured_media":0,"comment_status":"closed","ping_status":"closed","sticky":false,"template":"","format":"standard","meta":{"fifu_image_url":"","fifu_image_alt":"","footnotes":""},"categories":[54,76],"tags":[],"class_list":["post-41673","post","type-post","status-publish","format-standard","hentry","category-maroc","category-regions"],"_links":{"self":[{"href":"https:\/\/linitiative.ca\/International\/wp-json\/wp\/v2\/posts\/41673","targetHints":{"allow":["GET"]}}],"collection":[{"href":"https:\/\/linitiative.ca\/International\/wp-json\/wp\/v2\/posts"}],"about":[{"href":"https:\/\/linitiative.ca\/International\/wp-json\/wp\/v2\/types\/post"}],"author":[{"embeddable":true,"href":"https:\/\/linitiative.ca\/International\/wp-json\/wp\/v2\/users\/1788"}],"replies":[{"embeddable":true,"href":"https:\/\/linitiative.ca\/International\/wp-json\/wp\/v2\/comments?post=41673"}],"version-history":[{"count":0,"href":"https:\/\/linitiative.ca\/International\/wp-json\/wp\/v2\/posts\/41673\/revisions"}],"wp:attachment":[{"href":"https:\/\/linitiative.ca\/International\/wp-json\/wp\/v2\/media?parent=41673"}],"wp:term":[{"taxonomy":"category","embeddable":true,"href":"https:\/\/linitiative.ca\/International\/wp-json\/wp\/v2\/categories?post=41673"},{"taxonomy":"post_tag","embeddable":true,"href":"https:\/\/linitiative.ca\/International\/wp-json\/wp\/v2\/tags?post=41673"}],"curies":[{"name":"wp","href":"https:\/\/api.w.org\/{rel}","templated":true}]}}