{"id":41674,"date":"2019-06-20T13:50:40","date_gmt":"2019-06-20T17:50:40","guid":{"rendered":"https:\/\/linitiative.ca\/International\/oleiculture-appel-a-relever-les-defis-commerciaux\/"},"modified":"2019-06-20T13:50:40","modified_gmt":"2019-06-20T17:50:40","slug":"oleiculture-appel-a-relever-les-defis-commerciaux","status":"publish","type":"post","link":"https:\/\/linitiative.ca\/International\/oleiculture-appel-a-relever-les-defis-commerciaux\/","title":{"rendered":"Ol\u00e9iculture: Appel \u00e0 relever les d\u00e9fis commerciaux"},"content":{"rendered":"<div readability=\"41\">\n<p>Marrakech \u2013 Le Conseil ol\u00e9icole international (COI) est appel\u00e9 \u00e0 relever de nouveaux d\u00e9fis sur le plan commercial en agissant dans le sens de l\u2019abolition des obstacles entravant l\u2019acc\u00e8s des produits de l\u2019olivier aux march\u00e9s mondiaux, a affirm\u00e9 jeudi, \u00e0 Marrakech, le secr\u00e9taire g\u00e9n\u00e9ral du minist\u00e8re de l\u2019Agriculture, de la p\u00eache maritime, du d\u00e9veloppement rural et des eaux et for\u00eats (d\u00e9partement de l\u2019Agriculture), Mohamed Sadiki.<\/p>\n<\/div>\n<div readability=\"171\">\n<p>Intervenant \u00e0 un s\u00e9minaire international sous le th\u00e8me \u00ab\u00a0D\u00e9fis et perspectives de la fili\u00e8re ol\u00e9icole\u00a0\u00bb organis\u00e9 en marge de la 109\u00e8 session du conseil des membres du COI, M. Sadiki a relev\u00e9 que l\u2019action du Conseil doit \u00eatre orient\u00e9e vers un renforcement des activit\u00e9s de coop\u00e9ration technique en vue du d\u00e9veloppement d\u2019une ol\u00e9iculture moderne, performante et respectueuse de l\u2019environnement.<\/p>\n<p>Dans ce cadre, il a exprim\u00e9 la volont\u00e9 du Maroc de renforcer sa coop\u00e9ration avec la communaut\u00e9 ol\u00e9icole internationale par des \u00e9changes permanents d\u2019exp\u00e9riences et la concr\u00e9tisation de projets de d\u00e9veloppement durable du secteur ol\u00e9icole et des activit\u00e9s de promotion porteuses des produits de l\u2019olivier.<\/p>\n<p>Par ailleurs, M. Sadiki a mis en exergue l\u2019importance que rev\u00eat l\u2019ol\u00e9iculture dans le tissu agro-\u00e9conomique du Maroc et ses impacts sociaux et environnementaux pr\u00e9pond\u00e9rants.<\/p>\n<p>Dans ce cadre, il a fait remarquer que le Plan Maroc Vert a accord\u00e9, depuis son lancement en 2008, une importance particuli\u00e8re \u00e0 la fili\u00e8re ol\u00e9icole, dont les avanc\u00e9es et les performances font figure d\u2019exemple de succ\u00e8s qu\u2019il convient de consolider et de renforcer.<\/p>\n<p>M.Sadiki a en outre, mis l\u2019accent sur les efforts d\u00e9ploy\u00e9s par le gouvernement pour accompagner la mise en \u0153uvre du contrat-programme conclu en 2009 entre l\u2019Etat et l\u2019interprofession ol\u00e9icole \u00e0 travers la refonte du Fonds de d\u00e9veloppement agricole (FDA) et le renforcement du r\u00f4le des interprofessions.<\/p>\n<p>Dans ce cadre, il s\u2019est r\u00e9joui des r\u00e9alisations et des acquis dix ans apr\u00e8s le lancement de contrat-programme, qui a permis aux superficies plant\u00e9es de passer de 773.000 ha \u00e0 pr\u00e8s de 1.073.000 ha, dont 112.000 ha \u00e9quip\u00e9s en syst\u00e8me d\u2019irrigation localis\u00e9e.<\/p>\n<p>Le niveau de production r\u00e9alis\u00e9e a connu de son c\u00f4t\u00e9, une augmentation soutenue pour atteindre un record de 2 millions de tonnes lors de la campagne 2018-2019, a-t-il not\u00e9, indiquant qu\u2019en mati\u00e8re de valorisation, 200 unit\u00e9s de trituration \u00e9quip\u00e9es en syst\u00e8me deux phases et respectueuses de l\u2019environnement, ont \u00e9t\u00e9 cr\u00e9\u00e9es, portant la capacit\u00e9 de trituration \u00e0 environ 2 millions de tonnes avec une valorisation de pr\u00e8s de la totalit\u00e9 de la production nationale.<\/p>\n<p>Le pr\u00e9sident du COI pour l\u2019ann\u00e9e 2019, Ezzedine Abu Steit, a pour sa part, pass\u00e9 en revue les probl\u00e8mes dont fait face la fili\u00e8re au niveau des pays membres, dont l\u2019absence de donn\u00e9es sur la production et sur la commercialisation, la s\u00e9cheresse, une rude concurrence \u00e9trang\u00e8re des produits locaux et une absence de l\u00e9gislations appropri\u00e9es pour prot\u00e9ger le produit local dans certains pays.<\/p>\n<p>Face \u00e0 ces contraintes, M. Abu Steit, \u00e9galement ministre \u00e9gyptien de l\u2019Agriculture, a pr\u00e9sent\u00e9 plusieurs propositions pour d\u00e9velopper la production \u00e0 travers la promotion de la recherche scientifique, la protection des vari\u00e9t\u00e9s locales qui sont adapt\u00e9es \u00e0 l\u2019environnement local, l\u2019incitation de l\u2019investissement priv\u00e9, la sensibilisation sur les valeurs nutritionnelles de l\u2019huile d\u2019olive, la r\u00e9duction des co\u00fbts de production et l\u2019encouragement des agriculteurs et des producteurs \u00e0 se regrouper en f\u00e9d\u00e9rations.<\/p>\n<p>De son c\u00f4t\u00e9, Gigla Agulachvili, ministre g\u00e9orgien de la Protection de l\u2019environnement et de l\u2019Agriculture, dont le pays a d\u00e9pos\u00e9 une demande d\u2019adh\u00e9sion au COI, a estim\u00e9 que son pays compte parmi les pays \u00e9mergents au niveau de la production de l\u2019huile d\u2019olive, relevant que les agriculteurs doivent b\u00e9n\u00e9ficier de leurs productions avec des prix convenables et justes.<\/p>\n<p>Organis\u00e9e par le minist\u00e8re de l\u2019Agriculture, de la p\u00eache maritime, du d\u00e9veloppement rural et des eaux et for\u00eats, en collaboration avec le COI, cette rencontre, qui a connu la participation notamment du ministre libyen de l\u2019Agriculture et le vice-ministre du commerce de la Turquie, en plus d\u2019autres hauts responsables de pays membres du COI, a offert l\u2019occasion pour aborder plusieurs sujets int\u00e9ressant la fili\u00e8re, notamment la strat\u00e9gie marocaine de d\u00e9veloppement de la fili\u00e8re, le march\u00e9 mondial des produits ol\u00e9icoles, les ressources g\u00e9n\u00e9tiques ol\u00e9icoles, les nouveaux d\u00e9fis phytosanitaires de la fili\u00e8re, les vari\u00e9t\u00e9s d\u2019olivier, la qualit\u00e9, l\u2019environnement et la valorisation des sous-produits issus de la trituration des olives.<\/p>\n<p>Les travaux de la 109\u00e8 session du COI (Marrakech 17-21 juin) ont d\u00e9but\u00e9 avec les r\u00e9unions des comit\u00e9s administratif et financier, promotion et \u00e9conomie, chimie et normalisation et comit\u00e9 technologie et environnement.<\/p>\n<p>Une pl\u00e9ni\u00e8re se tiendra vendredi, durant laquelle plusieurs d\u00e9cisions seront adopt\u00e9es, dont les plus importantes portent sur le budget et les proc\u00e9dures internes de gestion de l\u2019organisation, l\u2019agr\u00e9ment de 130 laboratoires d\u2019analyses physico-chimiques et sensorielles de l\u2019huile d\u2019olive dans 25 pays, don 04 au Maroc, l\u2019\u00e9largissement du comit\u00e9 consultatif repr\u00e9sentant le secteur priv\u00e9 des pays membres \u00e0 une centaine de membres, dont 06 repr\u00e9sentants membres de l\u2019Interprofession marocaine de l\u2019olive (Interprolive) ainsi que l\u2019acceptation de la demande d\u2019adh\u00e9sion de la G\u00e9orgie au COI.<\/p>\n<p>Une visite guid\u00e9e sera organis\u00e9e samedi prochain, au profit des membres des d\u00e9l\u00e9gations pr\u00e9sentes \u00e0 la station exp\u00e9rimentale de l\u2019Institut national de recherche agronomique (INRA), qui abrite la collection internationale de l\u2019olivier de Marrakech ainsi qu\u2019une visite \u00e0 l\u2019exploitation et \u00e0 une unit\u00e9 de trituration.<\/p>\n<p>Le COI, dont le Maroc est un pays fondateur, est une organisation intergouvernementale en charge du d\u00e9veloppement du secteur ol\u00e9icole dans le monde, cr\u00e9\u00e9 depuis 60 ans sous les auspices des Nations Unies.<\/p>\n<p>Elle compte actuellement 16 membres dont l\u2019Union europ\u00e9enne, repr\u00e9sentant 96% de la production mondiale d\u2019olive et 75% des \u00e9changes internationaux d\u2019huiles d\u2019olive et des olives de table.<\/p>\n<p>Le COI veille principalement \u00e0 favoriser la coop\u00e9ration technique internationale dans l\u2019ol\u00e9iculture, \u00e0 encourager l\u2019expansion du commerce international de l\u2019huile d\u2019olive et des olives de table et \u00e0 mettre au point les normes commerciales applicables \u00e0 ces produits.<\/p>\n<\/div>\n<p>Auteur: Meriem IGASS<br \/>\n<a href=\"http:\/\/www.mapmarrakech.ma\/fr\/oleiculture-appel-a-relever-les-defis-sur-le-plan-commercial\/\">Cliquez ici pour lire l&rsquo;article depuis sa source.<\/a><\/p>\n","protected":false},"excerpt":{"rendered":"<p>Marrakech \u2013 Le Conseil ol\u00e9icole international (COI) est appel\u00e9 \u00e0 relever de nouveaux d\u00e9fis sur le plan commercial en agissant dans le sens de l\u2019abolition des obstacles entravant l\u2019acc\u00e8s des produits de l\u2019olivier aux march\u00e9s mondiaux, a affirm\u00e9 jeudi, \u00e0 Marrakech, le secr\u00e9taire g\u00e9n\u00e9ral du minist\u00e8re de l\u2019Agriculture, de la p\u00eache maritime, du d\u00e9veloppement rural [&hellip;]<\/p>\n","protected":false},"author":1788,"featured_media":0,"comment_status":"closed","ping_status":"closed","sticky":false,"template":"","format":"standard","meta":{"fifu_image_url":"","fifu_image_alt":"","footnotes":""},"categories":[54,76],"tags":[],"class_list":["post-41674","post","type-post","status-publish","format-standard","hentry","category-maroc","category-regions"],"_links":{"self":[{"href":"https:\/\/linitiative.ca\/International\/wp-json\/wp\/v2\/posts\/41674","targetHints":{"allow":["GET"]}}],"collection":[{"href":"https:\/\/linitiative.ca\/International\/wp-json\/wp\/v2\/posts"}],"about":[{"href":"https:\/\/linitiative.ca\/International\/wp-json\/wp\/v2\/types\/post"}],"author":[{"embeddable":true,"href":"https:\/\/linitiative.ca\/International\/wp-json\/wp\/v2\/users\/1788"}],"replies":[{"embeddable":true,"href":"https:\/\/linitiative.ca\/International\/wp-json\/wp\/v2\/comments?post=41674"}],"version-history":[{"count":0,"href":"https:\/\/linitiative.ca\/International\/wp-json\/wp\/v2\/posts\/41674\/revisions"}],"wp:attachment":[{"href":"https:\/\/linitiative.ca\/International\/wp-json\/wp\/v2\/media?parent=41674"}],"wp:term":[{"taxonomy":"category","embeddable":true,"href":"https:\/\/linitiative.ca\/International\/wp-json\/wp\/v2\/categories?post=41674"},{"taxonomy":"post_tag","embeddable":true,"href":"https:\/\/linitiative.ca\/International\/wp-json\/wp\/v2\/tags?post=41674"}],"curies":[{"name":"wp","href":"https:\/\/api.w.org\/{rel}","templated":true}]}}