{"id":41679,"date":"2019-06-20T06:17:30","date_gmt":"2019-06-20T10:17:30","guid":{"rendered":"https:\/\/linitiative.ca\/International\/sidi-bel-abbes-6-cadres-accuses-de-corruption-sous-controle-judiciaire\/"},"modified":"2019-06-20T06:17:30","modified_gmt":"2019-06-20T10:17:30","slug":"sidi-bel-abbes-6-cadres-accuses-de-corruption-sous-controle-judiciaire","status":"publish","type":"post","link":"https:\/\/linitiative.ca\/International\/sidi-bel-abbes-6-cadres-accuses-de-corruption-sous-controle-judiciaire\/","title":{"rendered":"Sidi Bel-Abbes: 6 cadres accus\u00e9s de corruption sous contr\u00f4le judiciaire"},"content":{"rendered":"<div>\n<div class=\"K2FeedImage\"><img decoding=\"async\" src=\"http:\/\/www.aps.dz\/media\/k2\/items\/cache\/16ce844c591b1be68f88c92db1582649_S.jpg\" alt=\"Sidi Bel-Abbes: 6 cadres accus\u00e9s de corruption sous contr\u00f4le judiciaire\"><\/div>\n<div class=\"K2FeedIntroText\">\n<p><strong>SIDI BEL-ABBES &#8211; Six cadres accus\u00e9s de corruption ont \u00e9t\u00e9 plac\u00e9s mercredi \u00e0 Sidi Bel-Abbes sous contr\u00f4le judiciaire et interdit de quitter le territoire national, a-t-on appris de source s\u00e9curitaire.<\/strong><\/p>\n<\/div>\n<div class=\"K2FeedFullText\">\n<p>Ces cadres sont accus\u00e9s de \u00ab\u00a0faux et usage de faux, de \u00ab\u00a0mauvaise utilisation de la fonction\u00a0\u00bb, de \u00ab\u00a0fausses d\u00e9clarations\u00a0\u00bb et d'\u00a0\u00bboctroi d&rsquo;avantages en violation du code de march\u00e9s publics\u00a0\u00bb, a-t-on indiqu\u00e9.<\/p>\n<p>Parmi les mis en cause, un ex-membre du Conseil de la nation, l&rsquo;actuel pr\u00e9sident de l\u2019Ittihad de Bel-Abbes (USMBA), l\u2019actuel directeur des \u00e9quipements publics, deux cadres de la direction des \u00e9quipements publics et le pr\u00e9sident du bureau d\u2019\u00e9tudes.<\/p>\n<p>D\u2019autre part, le tribunal de Sidi Bel-Abbes a renvoy\u00e9, ce mercredi, au 3 juillet prochain le proc\u00e8s d&rsquo;une affaire de corruption remontant aux ann\u00e9es 2015 et 2017, o\u00f9 deux fonctionnaires du secteur de la sant\u00e9 sont accus\u00e9s de \u00ab\u00a0d\u00e9tournement de deniers publics, d\u2019abus d\u2019autorit\u00e9 et de signature de contrats douteux\u00a0\u00bb, selon une source judiciaire.<\/p>\n<p>Parmi les mis en cause dans cette affaire, un ex-directeur de l\u2019\u00e9tablissement hospitalier sp\u00e9cialis\u00e9 en gyn\u00e9cologie et maternit\u00e9 et un ex-directeur de l\u2019h\u00f4pital Dahmani Slimane de Sidi Bel-Abbes, ainsi que des fournisseurs d\u2019autres \u00e9tablissements hospitaliers.<\/p>\n<\/div>\n<\/div>\n<p>Auteur:<br \/>\n<a href=\"http:\/\/www.aps.dz\/regions\/90874-sidi-bel-abbes-6-cadres-accuses-de-corruption-sous-controle-judiciaire\">Cliquez ici pour lire l&rsquo;article depuis sa source.<\/a><\/p>\n","protected":false},"excerpt":{"rendered":"<p>SIDI BEL-ABBES &#8211; Six cadres accus\u00e9s de corruption ont \u00e9t\u00e9 plac\u00e9s mercredi \u00e0 Sidi Bel-Abbes sous contr\u00f4le judiciaire et interdit de quitter le territoire national, a-t-on appris de source s\u00e9curitaire. Ces cadres sont accus\u00e9s de \u00ab\u00a0faux et usage de faux, de \u00ab\u00a0mauvaise utilisation de la fonction\u00a0\u00bb, de \u00ab\u00a0fausses d\u00e9clarations\u00a0\u00bb et d&rsquo;\u00a0\u00bboctroi d&rsquo;avantages en violation du [&hellip;]<\/p>\n","protected":false},"author":1790,"featured_media":41680,"comment_status":"closed","ping_status":"closed","sticky":false,"template":"","format":"standard","meta":{"fifu_image_url":"","fifu_image_alt":"","footnotes":""},"categories":[53,76],"tags":[],"class_list":["post-41679","post","type-post","status-publish","format-standard","has-post-thumbnail","hentry","category-algerie","category-regions"],"_links":{"self":[{"href":"https:\/\/linitiative.ca\/International\/wp-json\/wp\/v2\/posts\/41679","targetHints":{"allow":["GET"]}}],"collection":[{"href":"https:\/\/linitiative.ca\/International\/wp-json\/wp\/v2\/posts"}],"about":[{"href":"https:\/\/linitiative.ca\/International\/wp-json\/wp\/v2\/types\/post"}],"author":[{"embeddable":true,"href":"https:\/\/linitiative.ca\/International\/wp-json\/wp\/v2\/users\/1790"}],"replies":[{"embeddable":true,"href":"https:\/\/linitiative.ca\/International\/wp-json\/wp\/v2\/comments?post=41679"}],"version-history":[{"count":0,"href":"https:\/\/linitiative.ca\/International\/wp-json\/wp\/v2\/posts\/41679\/revisions"}],"wp:featuredmedia":[{"embeddable":true,"href":"https:\/\/linitiative.ca\/International\/wp-json\/"}],"wp:attachment":[{"href":"https:\/\/linitiative.ca\/International\/wp-json\/wp\/v2\/media?parent=41679"}],"wp:term":[{"taxonomy":"category","embeddable":true,"href":"https:\/\/linitiative.ca\/International\/wp-json\/wp\/v2\/categories?post=41679"},{"taxonomy":"post_tag","embeddable":true,"href":"https:\/\/linitiative.ca\/International\/wp-json\/wp\/v2\/tags?post=41679"}],"curies":[{"name":"wp","href":"https:\/\/api.w.org\/{rel}","templated":true}]}}