{"id":41706,"date":"2019-06-19T19:00:00","date_gmt":"2019-06-19T23:00:00","guid":{"rendered":"https:\/\/linitiative.ca\/International\/division-amateur-est-demission-du-president-de-lusm-khenchela\/"},"modified":"2019-06-19T19:00:00","modified_gmt":"2019-06-19T23:00:00","slug":"division-amateur-est-demission-du-president-de-lusm-khenchela","status":"publish","type":"post","link":"https:\/\/linitiative.ca\/International\/division-amateur-est-demission-du-president-de-lusm-khenchela\/","title":{"rendered":"Division amateur (Est)   :  D\u00e9mission du pr\u00e9sident de l\u2019USM Khenchela"},"content":{"rendered":"<p>Le nouveau pr\u00e9sident du club de football de l\u2019Union Sportive de la M\u00e9dina de Khenchela (USMK), qui \u00e9volue dans le groupe Est de la ligue nationale de football amateur (LNFA), Samir Bouma\u00e2raf, a d\u00e9missionn\u00e9, deux jours seulement apr\u00e8s son \u00e9lection, a-t-on appris mardi du pr\u00e9sident d\u00e9missionnaire. Dans une d\u00e9claration \u00e0 l\u2019APS, Bouma\u00e2raf a annonc\u00e9 sa d\u00e9mission officielle ainsi que celle des membres du directoire qui pr\u00e9voyaient d\u2019entamer la pr\u00e9paration de la saison prochaine, \u00e0 partir de la semaine prochaine, apr\u00e8s l\u2019ach\u00e8vement des proc\u00e9dures administratives d\u2019usage. \u00abJ\u2019ai d\u00e9cid\u00e9 de d\u00e9missionner de l&rsquo;USM Khenchela en raison des dettes du club impay\u00e9es, qui s&rsquo;\u00e9levaient \u00e0 65 millions de dinars\u00bb, a fait savoir Bouma\u00e2raf, soulignant que les cr\u00e9anciers l\u2019ont menac\u00e9 \u00abde fermer le compte bancaire de l&rsquo;\u00e9quipe\u00bb. \u00abJe me suis engag\u00e9 \u00e0 mettre tous les moyens mat\u00e9riels et humains \u00e0 la disposition de l\u2019\u00e9quipe en vue de concr\u00e9tiser l\u2019objectif de l\u2019accession \u00e0 la Ligue 2 Mobilis et non pas pour payer des dettes qui concernent la p\u00e9riode des anciens dirigeants\u00bb, a-t-il exprim\u00e9. Et d\u2019ajouter : \u00abJ\u2019ai rencontr\u00e9 plusieurs entraves administratives durant les deux jours o\u00f9 j\u2019\u00e9tais pr\u00e9sident du club, notamment des contraintes caus\u00e9es par certaines parties pour ralentir le programme mis en place pour la concr\u00e9tisation de l\u2019accession \u00e0 la Ligue 2\u00bb, a \u00e9galement r\u00e9v\u00e9l\u00e9 le d\u00e9sormais ancien pr\u00e9sident de l\u2019USMK. Samir Bouma\u00e2raf a pr\u00e9sent\u00e9 ses excuses aux supporters et aux amateurs du club qui l\u2019ont encourag\u00e9 assurant qu\u2019\u00abil restera toujours \u00e0 la disposition du club, notamment pour apporter le soutien financier et psychologique au prochain pr\u00e9sident de l\u2019USMK\u00bb.<br \/>\u00a0<\/p>\n<p>Auteur: elmoudjahid<br \/>\n<a href=\"http:\/\/www.elmoudjahid.com\/fr\/actualites\/138338\">Cliquez ici pour lire l&rsquo;article depuis sa source.<\/a><\/p>\n","protected":false},"excerpt":{"rendered":"<p>Le nouveau pr\u00e9sident du club de football de l\u2019Union Sportive de la M\u00e9dina de Khenchela (USMK), qui \u00e9volue dans le groupe Est de la ligue nationale de football amateur (LNFA), Samir Bouma\u00e2raf, a d\u00e9missionn\u00e9, deux jours seulement apr\u00e8s son \u00e9lection, a-t-on appris mardi du pr\u00e9sident d\u00e9missionnaire. Dans une d\u00e9claration \u00e0 l\u2019APS, Bouma\u00e2raf a annonc\u00e9 sa [&hellip;]<\/p>\n","protected":false},"author":1744,"featured_media":0,"comment_status":"closed","ping_status":"closed","sticky":false,"template":"","format":"standard","meta":{"fifu_image_url":"","fifu_image_alt":"","footnotes":""},"categories":[73,53],"tags":[],"class_list":["post-41706","post","type-post","status-publish","format-standard","hentry","category-actualite","category-algerie"],"_links":{"self":[{"href":"https:\/\/linitiative.ca\/International\/wp-json\/wp\/v2\/posts\/41706","targetHints":{"allow":["GET"]}}],"collection":[{"href":"https:\/\/linitiative.ca\/International\/wp-json\/wp\/v2\/posts"}],"about":[{"href":"https:\/\/linitiative.ca\/International\/wp-json\/wp\/v2\/types\/post"}],"author":[{"embeddable":true,"href":"https:\/\/linitiative.ca\/International\/wp-json\/wp\/v2\/users\/1744"}],"replies":[{"embeddable":true,"href":"https:\/\/linitiative.ca\/International\/wp-json\/wp\/v2\/comments?post=41706"}],"version-history":[{"count":0,"href":"https:\/\/linitiative.ca\/International\/wp-json\/wp\/v2\/posts\/41706\/revisions"}],"wp:attachment":[{"href":"https:\/\/linitiative.ca\/International\/wp-json\/wp\/v2\/media?parent=41706"}],"wp:term":[{"taxonomy":"category","embeddable":true,"href":"https:\/\/linitiative.ca\/International\/wp-json\/wp\/v2\/categories?post=41706"},{"taxonomy":"post_tag","embeddable":true,"href":"https:\/\/linitiative.ca\/International\/wp-json\/wp\/v2\/tags?post=41706"}],"curies":[{"name":"wp","href":"https:\/\/api.w.org\/{rel}","templated":true}]}}