{"id":41708,"date":"2019-06-19T19:00:00","date_gmt":"2019-06-19T23:00:00","guid":{"rendered":"https:\/\/linitiative.ca\/International\/tour-de-suisse-cycliste-abandon-de-geraint-thomas-victime-dune-lourde-chute\/"},"modified":"2019-06-19T19:00:00","modified_gmt":"2019-06-19T23:00:00","slug":"tour-de-suisse-cycliste-abandon-de-geraint-thomas-victime-dune-lourde-chute","status":"publish","type":"post","link":"https:\/\/linitiative.ca\/International\/tour-de-suisse-cycliste-abandon-de-geraint-thomas-victime-dune-lourde-chute\/","title":{"rendered":"Tour de Suisse cycliste :   Abandon de Geraint Thomas  victime d\u2019une lourde chute"},"content":{"rendered":"<p>Le Gallois Geraint Thomas, leader de\u00a0\u00a0 l&rsquo;\u00e9quipe Ineos et vainqueur sortant du Tour de France, a lourdement chut\u00e9 mardi sur la 4e \u00e9tape du Tour de Suisse et a \u00e9t\u00e9 contraint \u00e0 l&rsquo;abandon, a annonc\u00e9 son \u00e9quipe Ineos sur Twitter.\u00a0 Thomas est all\u00e9 au sol \u00e0 une trentaine de kilom\u00e8tres de l&rsquo;arriv\u00e9e \u00e0 Arlesheim (nord-ouest) et semblait touch\u00e9 \u00e0 l&rsquo;\u00e9paule droite, selon des images de t\u00e9l\u00e9vision. \u00abTristement,\u00a0 GeraintThomas a \u00e9t\u00e9 contraint \u00e0 l&rsquo;abandon sur le Tour de Suisse. Il \u00e9tait conscient et a pu \u00e9changer avec l&rsquo;\u00e9quipe apr\u00e8s sa chute, et il va \u00eatre conduit \u00e0 l&rsquo;h\u00f4pital pour des examens\u00bb, a twitt\u00e9 Team Ineos. C&rsquo;est une s\u00e9rie noire pour l&rsquo;\u00e9quipe Ineos qui a perdu la semaine derni\u00e8re\u00a0\u00a0 Chris Froome, quadruple vainqueur du Tour de France. Gravement bless\u00e9 sur le Dauphin\u00e9, il ne sera pas au d\u00e9part du Tour le 6 juillet \u00e0 Bruxelles. Geraint Thomas, 8e au classement g\u00e9n\u00e9ral \u00e0 28 secondes du leader, le\u00a0\u00a0 Slovaque Peter Sagan, a lourdement chut\u00e9 sur la 4e \u00e9tape reliant Morat \u00e0 Arlesheim, disput\u00e9e sous le soleil.\u00a0 Le Gallois est tomb\u00e9 en ligne droite \u00e0 une trentaine de kilom\u00e8tres de l&rsquo;arriv\u00e9e et est rest\u00e9 longtemps assis au sol, pris en charge par des\u00a0\u00a0 membres de son \u00e9quipe. Selon des images de la cha\u00eene de t\u00e9l\u00e9vision suisse RTS, il \u00e9tait touch\u00e9 \u00e0 l&rsquo;\u00e9paule droite o\u00f9 l&rsquo;on pouvait distinguer des \u00e9corchures. Avec la lourde chute dans le Dauphin\u00e9 de Froome, victime d&rsquo;une facture du p\u00e9ron\u00e9 et forfait pour le Tour de France, ce pourrait \u00eatre un nouveau coup dur pour Ineos qui compte d\u00e9sormais sur le jeune Colombien Egan Bernal, qui fait son retour apr\u00e8s une blessure (fracture de la clavicule), annonc\u00e9e d\u00e9but mai par son \u00e9quipe, une semaine avant le d\u00e9part du Giro.<br \/>\u00a0<\/p>\n<p>Auteur: elmoudjahid<br \/>\n<a href=\"http:\/\/www.elmoudjahid.com\/fr\/actualites\/138340\">Cliquez ici pour lire l&rsquo;article depuis sa source.<\/a><\/p>\n","protected":false},"excerpt":{"rendered":"<p>Le Gallois Geraint Thomas, leader de\u00a0\u00a0 l&rsquo;\u00e9quipe Ineos et vainqueur sortant du Tour de France, a lourdement chut\u00e9 mardi sur la 4e \u00e9tape du Tour de Suisse et a \u00e9t\u00e9 contraint \u00e0 l&rsquo;abandon, a annonc\u00e9 son \u00e9quipe Ineos sur Twitter.\u00a0 Thomas est all\u00e9 au sol \u00e0 une trentaine de kilom\u00e8tres de l&rsquo;arriv\u00e9e \u00e0 Arlesheim (nord-ouest) [&hellip;]<\/p>\n","protected":false},"author":1744,"featured_media":0,"comment_status":"closed","ping_status":"closed","sticky":false,"template":"","format":"standard","meta":{"fifu_image_url":"","fifu_image_alt":"","footnotes":""},"categories":[73,53],"tags":[],"class_list":["post-41708","post","type-post","status-publish","format-standard","hentry","category-actualite","category-algerie"],"_links":{"self":[{"href":"https:\/\/linitiative.ca\/International\/wp-json\/wp\/v2\/posts\/41708","targetHints":{"allow":["GET"]}}],"collection":[{"href":"https:\/\/linitiative.ca\/International\/wp-json\/wp\/v2\/posts"}],"about":[{"href":"https:\/\/linitiative.ca\/International\/wp-json\/wp\/v2\/types\/post"}],"author":[{"embeddable":true,"href":"https:\/\/linitiative.ca\/International\/wp-json\/wp\/v2\/users\/1744"}],"replies":[{"embeddable":true,"href":"https:\/\/linitiative.ca\/International\/wp-json\/wp\/v2\/comments?post=41708"}],"version-history":[{"count":0,"href":"https:\/\/linitiative.ca\/International\/wp-json\/wp\/v2\/posts\/41708\/revisions"}],"wp:attachment":[{"href":"https:\/\/linitiative.ca\/International\/wp-json\/wp\/v2\/media?parent=41708"}],"wp:term":[{"taxonomy":"category","embeddable":true,"href":"https:\/\/linitiative.ca\/International\/wp-json\/wp\/v2\/categories?post=41708"},{"taxonomy":"post_tag","embeddable":true,"href":"https:\/\/linitiative.ca\/International\/wp-json\/wp\/v2\/tags?post=41708"}],"curies":[{"name":"wp","href":"https:\/\/api.w.org\/{rel}","templated":true}]}}