{"id":41709,"date":"2019-06-19T19:00:00","date_gmt":"2019-06-19T23:00:00","guid":{"rendered":"https:\/\/linitiative.ca\/International\/usm-alger-said-allik-trouver-rapidement-une-solution-a-la-crise\/"},"modified":"2019-06-19T19:00:00","modified_gmt":"2019-06-19T23:00:00","slug":"usm-alger-said-allik-trouver-rapidement-une-solution-a-la-crise","status":"publish","type":"post","link":"https:\/\/linitiative.ca\/International\/usm-alger-said-allik-trouver-rapidement-une-solution-a-la-crise\/","title":{"rendered":"USM Alger ,  Sa\u00efd Allik : \u00abtrouver rapidement une solution \u00e0 la crise\u00bb"},"content":{"rendered":"<p>Sa\u00efd Allik, le pr\u00e9sident du club sportif amateur\u00a0\u00a0 de l\u2019USM Alger (CSA\/USMA), a annonc\u00e9, mardi, \u00e0 Alger, que \u00abla priorit\u00e9 actuellement est de sortir le club de la crise\u00bb et non de savoir si personnellement il allait revenir aux commandes de la section football.<br \/>\u00abLa question n\u2019est pas de savoir si je vais revenir ou pas, mais plut\u00f4t de trouver rapidement une solution, \u00e0 m\u00eame de sortir l\u2019USMA de cette crise\u00bb, a-t-il pr\u00e9conis\u00e9 en marge de l\u2019Assembl\u00e9e g\u00e9n\u00e9rale ordinaire du club, qui devait se tenir mardi matin \u00e0 Bologhine et qui fut finalement report\u00e9e \u00e0 samedi prochain. Bien qu\u2019il ait explicitement qualifi\u00e9 la situation actuelle de l\u2019USMA de \u00abcrise\u00bb, Allik a tenu \u00e0 souligner que \u00abl\u2019\u00e9tat du club n\u2019est pas aussi dramatique\u00bb que ne l\u2019ont pr\u00e9tendu certains. Selon lui \u00abl\u2019USMA est un grand club et il en faut beaucoup plus pour le d\u00e9stabiliser\u00bb a affirm\u00e9 le r\u00e9cent vainqueur de la coupe d\u2019Alg\u00e9rie avec le CR Belouizdad.<br \/>Visiblement optimiste pour l\u2019avenir de l\u2019USMA, Allik a conclu en rappelant que \u00able CSA n\u2019a strictement rien \u00e0 voir avec ce qui se fait au niveau de la Soci\u00e9t\u00e9 sportive par actions (SSPA).<br \/>\u00a0Il ne s\u2019occupe que du basket, du judo et de la natation. Le CSA a toujours d\u00e9fendu l\u2019USMA et c\u2019est dans ce but que nous sommes entr\u00e9s en justice depuis 2011\u00bb.<br \/>\u00a0<\/p>\n<p>Auteur: elmoudjahid<br \/>\n<a href=\"http:\/\/www.elmoudjahid.com\/fr\/actualites\/138341\">Cliquez ici pour lire l&rsquo;article depuis sa source.<\/a><\/p>\n","protected":false},"excerpt":{"rendered":"<p>Sa\u00efd Allik, le pr\u00e9sident du club sportif amateur\u00a0\u00a0 de l\u2019USM Alger (CSA\/USMA), a annonc\u00e9, mardi, \u00e0 Alger, que \u00abla priorit\u00e9 actuellement est de sortir le club de la crise\u00bb et non de savoir si personnellement il allait revenir aux commandes de la section football.\u00abLa question n\u2019est pas de savoir si je vais revenir ou pas, [&hellip;]<\/p>\n","protected":false},"author":1744,"featured_media":0,"comment_status":"closed","ping_status":"closed","sticky":false,"template":"","format":"standard","meta":{"fifu_image_url":"","fifu_image_alt":"","footnotes":""},"categories":[73,53],"tags":[],"class_list":["post-41709","post","type-post","status-publish","format-standard","hentry","category-actualite","category-algerie"],"_links":{"self":[{"href":"https:\/\/linitiative.ca\/International\/wp-json\/wp\/v2\/posts\/41709","targetHints":{"allow":["GET"]}}],"collection":[{"href":"https:\/\/linitiative.ca\/International\/wp-json\/wp\/v2\/posts"}],"about":[{"href":"https:\/\/linitiative.ca\/International\/wp-json\/wp\/v2\/types\/post"}],"author":[{"embeddable":true,"href":"https:\/\/linitiative.ca\/International\/wp-json\/wp\/v2\/users\/1744"}],"replies":[{"embeddable":true,"href":"https:\/\/linitiative.ca\/International\/wp-json\/wp\/v2\/comments?post=41709"}],"version-history":[{"count":0,"href":"https:\/\/linitiative.ca\/International\/wp-json\/wp\/v2\/posts\/41709\/revisions"}],"wp:attachment":[{"href":"https:\/\/linitiative.ca\/International\/wp-json\/wp\/v2\/media?parent=41709"}],"wp:term":[{"taxonomy":"category","embeddable":true,"href":"https:\/\/linitiative.ca\/International\/wp-json\/wp\/v2\/categories?post=41709"},{"taxonomy":"post_tag","embeddable":true,"href":"https:\/\/linitiative.ca\/International\/wp-json\/wp\/v2\/tags?post=41709"}],"curies":[{"name":"wp","href":"https:\/\/api.w.org\/{rel}","templated":true}]}}