{"id":41710,"date":"2019-06-19T19:00:00","date_gmt":"2019-06-19T23:00:00","guid":{"rendered":"https:\/\/linitiative.ca\/International\/mc-oran-le-ca-approuve-la-nomination-de-cherif-el-ouezzani-au-poste-de-directeur-general\/"},"modified":"2019-06-19T19:00:00","modified_gmt":"2019-06-19T23:00:00","slug":"mc-oran-le-ca-approuve-la-nomination-de-cherif-el-ouezzani-au-poste-de-directeur-general","status":"publish","type":"post","link":"https:\/\/linitiative.ca\/International\/mc-oran-le-ca-approuve-la-nomination-de-cherif-el-ouezzani-au-poste-de-directeur-general\/","title":{"rendered":"MC Oran  : Le CA approuve la nomination de Cherif El-Ouezzani au poste de directeur g\u00e9n\u00e9ral"},"content":{"rendered":"<p>Cette instance a \u00e9galement donn\u00e9 \u00e0 l\u2019int\u00e9ress\u00e9 pleins pouvoirs, aussi bien sur le plan technique qu\u2019administratif, pour g\u00e9rer le club, secou\u00e9 par une crise administrative depuis la fin de la saison \u00e9coul\u00e9e. Par cette d\u00e9cision, le CA cautionne la proposition du wali d\u2019Oran qui a souhait\u00e9 voir Cherif El Ouezzani diriger le club durant cette p\u00e9riode de transition avec de larges pr\u00e9rogatives, vu la vacance du poste de pr\u00e9sident de la SSPA suite \u00e0 la d\u00e9mission d\u2019Ahmed Belhadj et son successeur Nacereddine Karaouzene.\u00a0\u00a0 Le CA devait se r\u00e9unir dimanche pass\u00e9, mais faute de quorum, cette r\u00e9union a \u00e9t\u00e9 report\u00e9e, non sans susciter la col\u00e8re de la rue oranaise o\u00f9 l\u2019on craint les r\u00e9percussions du retard accus\u00e9 dans l\u2019entame des pr\u00e9paratifs de la nouvelle saison, sachant que les \u00abHamraoua\u00bb avaient \u00e9vit\u00e9 de peu la rel\u00e9gation \u00e0 la fin de l\u2019exercice \u00e9coul\u00e9. Cherif El Ouezzani, absent de la r\u00e9union du CA, aura ainsi pour mission de mettre rapidement le train en marche.<br \/>Sa priorit\u00e9 va vers la nomination d\u2019un nouvel entra\u00eeneur, bien qu\u2019il n\u2019\u00e9carte pas l\u2019id\u00e9e d\u2019occuper lui-m\u00eame ce poste, selon ses dires. Il devrait animer mercredi une conf\u00e9rence de presse pour pr\u00e9senter les grandes lignes de son programme, a-t-on appris du club.<br \/>\u00a0<\/p>\n<p>Auteur: elmoudjahid<br \/>\n<a href=\"http:\/\/www.elmoudjahid.com\/fr\/actualites\/138342\">Cliquez ici pour lire l&rsquo;article depuis sa source.<\/a><\/p>\n","protected":false},"excerpt":{"rendered":"<p>Cette instance a \u00e9galement donn\u00e9 \u00e0 l\u2019int\u00e9ress\u00e9 pleins pouvoirs, aussi bien sur le plan technique qu\u2019administratif, pour g\u00e9rer le club, secou\u00e9 par une crise administrative depuis la fin de la saison \u00e9coul\u00e9e. Par cette d\u00e9cision, le CA cautionne la proposition du wali d\u2019Oran qui a souhait\u00e9 voir Cherif El Ouezzani diriger le club durant cette [&hellip;]<\/p>\n","protected":false},"author":1744,"featured_media":0,"comment_status":"closed","ping_status":"closed","sticky":false,"template":"","format":"standard","meta":{"fifu_image_url":"","fifu_image_alt":"","footnotes":""},"categories":[73,53],"tags":[],"class_list":["post-41710","post","type-post","status-publish","format-standard","hentry","category-actualite","category-algerie"],"_links":{"self":[{"href":"https:\/\/linitiative.ca\/International\/wp-json\/wp\/v2\/posts\/41710","targetHints":{"allow":["GET"]}}],"collection":[{"href":"https:\/\/linitiative.ca\/International\/wp-json\/wp\/v2\/posts"}],"about":[{"href":"https:\/\/linitiative.ca\/International\/wp-json\/wp\/v2\/types\/post"}],"author":[{"embeddable":true,"href":"https:\/\/linitiative.ca\/International\/wp-json\/wp\/v2\/users\/1744"}],"replies":[{"embeddable":true,"href":"https:\/\/linitiative.ca\/International\/wp-json\/wp\/v2\/comments?post=41710"}],"version-history":[{"count":0,"href":"https:\/\/linitiative.ca\/International\/wp-json\/wp\/v2\/posts\/41710\/revisions"}],"wp:attachment":[{"href":"https:\/\/linitiative.ca\/International\/wp-json\/wp\/v2\/media?parent=41710"}],"wp:term":[{"taxonomy":"category","embeddable":true,"href":"https:\/\/linitiative.ca\/International\/wp-json\/wp\/v2\/categories?post=41710"},{"taxonomy":"post_tag","embeddable":true,"href":"https:\/\/linitiative.ca\/International\/wp-json\/wp\/v2\/tags?post=41710"}],"curies":[{"name":"wp","href":"https:\/\/api.w.org\/{rel}","templated":true}]}}