{"id":41712,"date":"2019-06-19T19:00:00","date_gmt":"2019-06-19T23:00:00","guid":{"rendered":"https:\/\/linitiative.ca\/International\/transfert-hilal-soudani-sengage-avec-lolympiakos-fc\/"},"modified":"2019-06-19T19:00:00","modified_gmt":"2019-06-19T23:00:00","slug":"transfert-hilal-soudani-sengage-avec-lolympiakos-fc","status":"publish","type":"post","link":"https:\/\/linitiative.ca\/International\/transfert-hilal-soudani-sengage-avec-lolympiakos-fc\/","title":{"rendered":"Transfert       : Hilal Soudani s\u2019engage avec l\u2019Olympiakos FC"},"content":{"rendered":"<p>L&rsquo;attaquant international alg\u00e9rien Hilal Soudani, \u00e9loign\u00e9 des terrains toute la saison \u00e9coul\u00e9e suite \u00e0 une grave blessure \u00e0 un genou, s&rsquo;est engag\u00e9 avec l&rsquo; Olympiakos FC , a annonc\u00e9, mardi, le club grec qui n&rsquo;a pas mentionn\u00e9 la dur\u00e9e du contrat.\u00a0 \u00abJe suis tr\u00e8s content de rejoindre l&rsquo;Olympiakos. Il r\u00e8gne une tr\u00e8s bonne ambiance au sein du club, et j&rsquo;ai h\u00e2te de d\u00e9buter les entrainements avec\u00a0\u00a0 mes co\u00e9quipiers\u00bb, a d\u00e9clar\u00e9 Soudani dans une vid\u00e9o diffus\u00e9e sur le site de l&rsquo;Olympiakos.\u00a0 L\u2019attaquant alg\u00e9rien (32 ans), gravement bless\u00e9 au genou l\u2019automne\u00a0\u00a0 dernier, \u00e9voluait la saison derni\u00e8re avec Nottingham Forest (Championship &#8211; 2e division anglaise).<br \/>Le sixi\u00e8me meilleur buteur de la s\u00e9lection alg\u00e9rienne avec 22 buts manquera la phase finale de la Coupe d&rsquo;Afrique des Nations CAN 2019 qui se d\u00e9roulera en Egypte du 21 juin au 19 juillet.<\/p>\n<p>Auteur: elmoudjahid<br \/>\n<a href=\"http:\/\/www.elmoudjahid.com\/fr\/actualites\/138344\">Cliquez ici pour lire l&rsquo;article depuis sa source.<\/a><\/p>\n","protected":false},"excerpt":{"rendered":"<p>L&rsquo;attaquant international alg\u00e9rien Hilal Soudani, \u00e9loign\u00e9 des terrains toute la saison \u00e9coul\u00e9e suite \u00e0 une grave blessure \u00e0 un genou, s&rsquo;est engag\u00e9 avec l&rsquo; Olympiakos FC , a annonc\u00e9, mardi, le club grec qui n&rsquo;a pas mentionn\u00e9 la dur\u00e9e du contrat.\u00a0 \u00abJe suis tr\u00e8s content de rejoindre l&rsquo;Olympiakos. Il r\u00e8gne une tr\u00e8s bonne ambiance au [&hellip;]<\/p>\n","protected":false},"author":1744,"featured_media":0,"comment_status":"closed","ping_status":"closed","sticky":false,"template":"","format":"standard","meta":{"fifu_image_url":"","fifu_image_alt":"","footnotes":""},"categories":[73,53],"tags":[],"class_list":["post-41712","post","type-post","status-publish","format-standard","hentry","category-actualite","category-algerie"],"_links":{"self":[{"href":"https:\/\/linitiative.ca\/International\/wp-json\/wp\/v2\/posts\/41712","targetHints":{"allow":["GET"]}}],"collection":[{"href":"https:\/\/linitiative.ca\/International\/wp-json\/wp\/v2\/posts"}],"about":[{"href":"https:\/\/linitiative.ca\/International\/wp-json\/wp\/v2\/types\/post"}],"author":[{"embeddable":true,"href":"https:\/\/linitiative.ca\/International\/wp-json\/wp\/v2\/users\/1744"}],"replies":[{"embeddable":true,"href":"https:\/\/linitiative.ca\/International\/wp-json\/wp\/v2\/comments?post=41712"}],"version-history":[{"count":0,"href":"https:\/\/linitiative.ca\/International\/wp-json\/wp\/v2\/posts\/41712\/revisions"}],"wp:attachment":[{"href":"https:\/\/linitiative.ca\/International\/wp-json\/wp\/v2\/media?parent=41712"}],"wp:term":[{"taxonomy":"category","embeddable":true,"href":"https:\/\/linitiative.ca\/International\/wp-json\/wp\/v2\/categories?post=41712"},{"taxonomy":"post_tag","embeddable":true,"href":"https:\/\/linitiative.ca\/International\/wp-json\/wp\/v2\/tags?post=41712"}],"curies":[{"name":"wp","href":"https:\/\/api.w.org\/{rel}","templated":true}]}}