{"id":41713,"date":"2019-06-19T19:00:00","date_gmt":"2019-06-19T23:00:00","guid":{"rendered":"https:\/\/linitiative.ca\/International\/tournoi-radieuse-amitie-des-finales-explosives\/"},"modified":"2019-06-19T19:00:00","modified_gmt":"2019-06-19T23:00:00","slug":"tournoi-radieuse-amitie-des-finales-explosives","status":"publish","type":"post","link":"https:\/\/linitiative.ca\/International\/tournoi-radieuse-amitie-des-finales-explosives\/","title":{"rendered":"Tournoi \u00ab Radieuse-Amiti\u00e9 \u00bb       :  Des finales explosives"},"content":{"rendered":"<p>C\u2019est aujourd\u2019hui \u00e0 partir de 18h00, au mini-complexe de proximit\u00e9 Reguig-Abdelkader de Maraval que s\u2019ach\u00e8vera le tournoi de l\u2019amiti\u00e9 initi\u00e9 par l\u2019association Radieuse, pr\u00e9sid\u00e9e par Chafi Kada. Cette manifestation a regroup\u00e9 80 \u00e9quipes qui ont d\u00e9cupl\u00e9 leurs forces physiques et techniques pour tenter d\u2019arriver en finale et ce, dans un climat de fraternit\u00e9 et de fair-play total. Nous avons not\u00e9 la pr\u00e9sence, au cours de cet \u00e9v\u00e8nement, de stars du football national et international, \u00e0 l\u2019image du champion d\u2019Angleterre avec Manchester City Riad Mahrez, qui avait honor\u00e9 les champions de la cat\u00e9gorie \u00ab minime \u00bb, des Belloumi, Cherif El Ouazzani, Belkhemassa, Abdellaoui, Megharia, Derfelou, Me\u00e7abih, Hansal ainsi que le meilleur buteur du championnat, Na\u00efdji. Trois finales sont programm\u00e9es au cours de cette soir\u00e9e. La premi\u00e8re dans la cat\u00e9gorie des U 20, qui mettra aux prises la formation du quartier de Medioni et celle du Plateau.<br \/>Suivra la finale r\u00e9gionale en \u00ab seniors \u00bb, entre l\u2019\u00e9quipe de Djeni\u00e8ne El Mesquine (W. de Sidi Bellab\u00e8s) et celle de Zahana (W. de Mascara). Quant \u00e0 la grande finale, elle opposera l\u2019\u00e9quipe du quartier d\u2019El Hamri, renforc\u00e9e par Mansouri et Mouedd\u00e8ne (MCO), \u00e0 celle de Sidi Chahmi avec Frifer (MCO), Djeddal ( ES Mostaganem) et Benabbou (MC Sa\u00efda).<br \/>Et comme toujours, fid\u00e8le \u00e0\u00a0 ses traditions, le pr\u00e9sident de la Radieuse, monsieur Chafi Kada,\u00a0 rendra hommage au pompier Sahnoun, qui avait cr\u00e9\u00e9 l\u2019\u00e9v\u00e8nement derni\u00e8rement, en sauvant avec un grand courage toute une famille d\u2019une mort certaine suite \u00e0 l\u2019incendie de sa maison. Tout comme il honorera Abdelkader Amrani, Nessakh et Balegh apr\u00e8s que le CRB ait remport\u00e9 la coupe d\u2019Alg\u00e9rie. Chafi Kada et la Radieuse n\u2019oublieront pas de rendre hommage aussi aux dirigeants, entra\u00eeneurs et joueurs qui ont honor\u00e9 la wilaya d\u2019Oran, \u00e0 savoir ceux de l\u2019OM Arzew, le NASR Es S\u00e9nia et Mers El K\u00e9bir.<br \/>Une chose est s\u00fbre, cette finale de l\u2019\u00e9v\u00e8nement qu\u2019est le \u00abtournoi de l\u2019amiti\u00e9\u00bb ne passera pas inaper\u00e7ue et qu\u2019il ne faudra surtout pas la rater. Et saluons l\u2019association Radieuse pour le grand travail qu\u2019elle fait dans l\u2019int\u00e9r\u00eat du sport de proximit\u00e9 et de la jeunesse.<br \/>\u00a0<\/p>\n<p>Auteur: elmoudjahid<br \/>\n<a href=\"http:\/\/www.elmoudjahid.com\/fr\/actualites\/138345\">Cliquez ici pour lire l&rsquo;article depuis sa source.<\/a><\/p>\n","protected":false},"excerpt":{"rendered":"<p>C\u2019est aujourd\u2019hui \u00e0 partir de 18h00, au mini-complexe de proximit\u00e9 Reguig-Abdelkader de Maraval que s\u2019ach\u00e8vera le tournoi de l\u2019amiti\u00e9 initi\u00e9 par l\u2019association Radieuse, pr\u00e9sid\u00e9e par Chafi Kada. Cette manifestation a regroup\u00e9 80 \u00e9quipes qui ont d\u00e9cupl\u00e9 leurs forces physiques et techniques pour tenter d\u2019arriver en finale et ce, dans un climat de fraternit\u00e9 et de [&hellip;]<\/p>\n","protected":false},"author":1744,"featured_media":0,"comment_status":"closed","ping_status":"closed","sticky":false,"template":"","format":"standard","meta":{"fifu_image_url":"","fifu_image_alt":"","footnotes":""},"categories":[73,53],"tags":[],"class_list":["post-41713","post","type-post","status-publish","format-standard","hentry","category-actualite","category-algerie"],"_links":{"self":[{"href":"https:\/\/linitiative.ca\/International\/wp-json\/wp\/v2\/posts\/41713","targetHints":{"allow":["GET"]}}],"collection":[{"href":"https:\/\/linitiative.ca\/International\/wp-json\/wp\/v2\/posts"}],"about":[{"href":"https:\/\/linitiative.ca\/International\/wp-json\/wp\/v2\/types\/post"}],"author":[{"embeddable":true,"href":"https:\/\/linitiative.ca\/International\/wp-json\/wp\/v2\/users\/1744"}],"replies":[{"embeddable":true,"href":"https:\/\/linitiative.ca\/International\/wp-json\/wp\/v2\/comments?post=41713"}],"version-history":[{"count":0,"href":"https:\/\/linitiative.ca\/International\/wp-json\/wp\/v2\/posts\/41713\/revisions"}],"wp:attachment":[{"href":"https:\/\/linitiative.ca\/International\/wp-json\/wp\/v2\/media?parent=41713"}],"wp:term":[{"taxonomy":"category","embeddable":true,"href":"https:\/\/linitiative.ca\/International\/wp-json\/wp\/v2\/categories?post=41713"},{"taxonomy":"post_tag","embeddable":true,"href":"https:\/\/linitiative.ca\/International\/wp-json\/wp\/v2\/tags?post=41713"}],"curies":[{"name":"wp","href":"https:\/\/api.w.org\/{rel}","templated":true}]}}