{"id":41714,"date":"2019-06-19T19:00:00","date_gmt":"2019-06-19T23:00:00","guid":{"rendered":"https:\/\/linitiative.ca\/International\/dans-la-lucarne-le-grand-rendez-vous-africain\/"},"modified":"2019-06-19T19:00:00","modified_gmt":"2019-06-19T23:00:00","slug":"dans-la-lucarne-le-grand-rendez-vous-africain","status":"publish","type":"post","link":"https:\/\/linitiative.ca\/International\/dans-la-lucarne-le-grand-rendez-vous-africain\/","title":{"rendered":"Dans la lucarne : Le grand rendez-vous africain"},"content":{"rendered":"<p>L\u2019Afrique sera un mois durant le centre du football mondial. Certes, il y aura aussi la Copa Am\u00e9rica qui peut la concurrencer et \u00e0 un degr\u00e9 moindre le mondial 2019 f\u00e9minin qui se d\u00e9roule en France, mais&#8230; La coupe d\u2019Afrique, cependant, reste un moment o\u00f9 le football se r\u00e9concilie avec lui-m\u00eame. Notre continent est unique et son football l\u2019est aussi. Il n\u2019y a que le beau, le f\u00e9erique et le spectaculaire qui vont se disputer dans une Egypte qui se veut plus accueillante que jamais. C\u2019est vrai que nombreux sont les observateurs qui ont abord\u00e9 le d\u00e9c\u00e8s de Morsy, l\u2019ex-pr\u00e9sident d\u2019Egypte d\u00e9chu en juillet 2013. Il a \u00e9t\u00e9 enterr\u00e9 dans la discr\u00e9tion la plus totale. Ce qui pourrait \u00e9viter \u00abl\u2019irr\u00e9parable\u00bb. Une \u00abfausse note peut-\u00eatre !\u00bb Il est certain que les autorit\u00e9s \u00e9gyptiennes vont mettre le paquet pour que ce rendez-vous de la fine fleur africaine \u00e9volue dans des conditions de s\u00e9curit\u00e9 optimales sans aucun grain dans la \u00ab machine s\u00e9curitaire \u00bb. Toujours est-il, tous les moyens ont \u00e9t\u00e9 mobilis\u00e9s pour arriver \u00e0 un tel r\u00e9sultat. Cette halte africaine, qui durera plus de 30 jours, sera, le moins que l\u2019on puisse dire, sp\u00e9ciale. D\u2019abord par le fait qu\u2019elle se jouera devant un nouveau pr\u00e9sident, le malgache Ahmad Ahmad, \u00e9lu au lieu et place d\u2019Issa Hayatou, et surtout que cette CAN201 se jouera avec 24 \u00e9quipes. C\u2019est une premi\u00e8re exp\u00e9rience africaine et on verra ce qu\u2019elle pourrait donner. On pourrait, peut-\u00eatre, augmenter le nombre \u00e0 32 afin de donner la chance \u00e0 beaucoup de \u00ab n\u00e9ophytes \u00bb de conna\u00eetre les joies que peut procurer une participation \u00e0 une CAN. La majoration du nombre de participants a permis \u00e0 des pays comme le Burundi, la Mauritanie, le Madagascar d\u2019\u00e9merger et\u00a0 d\u2019\u00eatre pr\u00e9sents, demain vendredi, \u00e0 la f\u00eate des africains. Certes, il fera chaud, mais le d\u00e9placement en vaut la chandelle. Il est \u00e9vident que l\u2019Egypte, h\u00f4te de cette 32e CAN, fera tout pour r\u00e9pondre positivement \u00e0 ce rendez-vous qu\u2019elle voudra marquer d\u2019une \u00abpierre blanche\u00bb, surtout en la remportant. Elle comptera, entre autres, sur sa \u00ab star \u00bb de Liverpool Mohamed Salah et d\u2019autres joueurs qui ne manquent pas de talent. Ils savent aussi que la progression du football du continent est tout \u00e0 fait exceptionnelle. D\u2019o\u00f9 le fait qu\u2019il n\u2019est plus appropri\u00e9 de\u00a0 parler d\u2019\u00e9quipes faibles ou \u00e0 la port\u00e9e du premier venu. En effet, des \u00e9quipes comme le S\u00e9n\u00e9gal, le Nig\u00e9ria, l\u2019Afrique du sud, la Tunisie, le Maroc, l\u2019Alg\u00e9rie, la C\u00f4te d\u2019Ivoire\u2026 sont capables non seulement de se distinguer, mais surtout de remporter la coupe. Aujourd\u2019hui, tout le monde est ambitieux. On veut tous retourner au bercail avec le troph\u00e9e. Ce qui est tout \u00e0 fait l\u00e9gitime. L\u00e0, tout le monde esp\u00e8re un arbitrage \u00e0 la hauteur de l\u2019\u00e9v\u00e8nement et nous \u00e9vite ce qui s\u2019\u00e9tait pass\u00e9 lors de la finale de la Ligue des champions entre l\u2019EST et le Wydad de Casablanca (Maroc) en finale. On esp\u00e8re que cette CAN, qui va attirer des millions de t\u00e9l\u00e9spectateurs, soit la plus spectaculaire possible. De nos jours voir des matches de la Can est analogue aux \u00ab12 travaux d\u2019Hercule\u00bb.<br \/>Sauf si&#8230;<br \/>Hamid Gharbi<\/p>\n<p>Auteur: elmoudjahid<br \/>\n<a href=\"http:\/\/www.elmoudjahid.com\/fr\/actualites\/138346\">Cliquez ici pour lire l&rsquo;article depuis sa source.<\/a><\/p>\n","protected":false},"excerpt":{"rendered":"<p>L\u2019Afrique sera un mois durant le centre du football mondial. Certes, il y aura aussi la Copa Am\u00e9rica qui peut la concurrencer et \u00e0 un degr\u00e9 moindre le mondial 2019 f\u00e9minin qui se d\u00e9roule en France, mais&#8230; La coupe d\u2019Afrique, cependant, reste un moment o\u00f9 le football se r\u00e9concilie avec lui-m\u00eame. Notre continent est unique [&hellip;]<\/p>\n","protected":false},"author":1744,"featured_media":0,"comment_status":"closed","ping_status":"closed","sticky":false,"template":"","format":"standard","meta":{"fifu_image_url":"","fifu_image_alt":"","footnotes":""},"categories":[73,53],"tags":[],"class_list":["post-41714","post","type-post","status-publish","format-standard","hentry","category-actualite","category-algerie"],"_links":{"self":[{"href":"https:\/\/linitiative.ca\/International\/wp-json\/wp\/v2\/posts\/41714","targetHints":{"allow":["GET"]}}],"collection":[{"href":"https:\/\/linitiative.ca\/International\/wp-json\/wp\/v2\/posts"}],"about":[{"href":"https:\/\/linitiative.ca\/International\/wp-json\/wp\/v2\/types\/post"}],"author":[{"embeddable":true,"href":"https:\/\/linitiative.ca\/International\/wp-json\/wp\/v2\/users\/1744"}],"replies":[{"embeddable":true,"href":"https:\/\/linitiative.ca\/International\/wp-json\/wp\/v2\/comments?post=41714"}],"version-history":[{"count":0,"href":"https:\/\/linitiative.ca\/International\/wp-json\/wp\/v2\/posts\/41714\/revisions"}],"wp:attachment":[{"href":"https:\/\/linitiative.ca\/International\/wp-json\/wp\/v2\/media?parent=41714"}],"wp:term":[{"taxonomy":"category","embeddable":true,"href":"https:\/\/linitiative.ca\/International\/wp-json\/wp\/v2\/categories?post=41714"},{"taxonomy":"post_tag","embeddable":true,"href":"https:\/\/linitiative.ca\/International\/wp-json\/wp\/v2\/tags?post=41714"}],"curies":[{"name":"wp","href":"https:\/\/api.w.org\/{rel}","templated":true}]}}