{"id":41727,"date":"2019-06-19T15:52:00","date_gmt":"2019-06-19T19:52:00","guid":{"rendered":"https:\/\/linitiative.ca\/International\/affaire-kia-trois-freres-arbaoui-devant-le-procureur-a-sidi-mhamed\/"},"modified":"2019-06-19T15:52:00","modified_gmt":"2019-06-19T19:52:00","slug":"affaire-kia-trois-freres-arbaoui-devant-le-procureur-a-sidi-mhamed","status":"publish","type":"post","link":"https:\/\/linitiative.ca\/International\/affaire-kia-trois-freres-arbaoui-devant-le-procureur-a-sidi-mhamed\/","title":{"rendered":"AFFAIRE KIA  : Trois fr\u00e8res Arbaoui devant  le procureur \u00e0 Sidi M\u2019hamed"},"content":{"rendered":"<p><br id=\"sep_para_1\" class=\"sep_para access\"\/><\/p>\n<div id=\"para_1\" class=\"para_31796426 resize\">\n<div class=\"texte access firstletter\">Les fr\u00e8res Arbaoui sont arriv\u00e9s, hier, au tribunal de Sidi Mhamed afin de compara\u00eetre devant le procureur de la R\u00e9publique dans l\u2019affaire de l\u2019usine KIA dont ils sont les propri\u00e9taires. Les fr\u00e8res Arbaoui ont comparu devant le procureur de la R\u00e9publique en compagnie de huit cadres et hauts fonctionnaires. Ces derniers sont poursuivis avec l\u2019ancien premier ministre Ahmed Ouyahia pour des affaires de corruption li\u00e9es \u00e0 l\u2019usine de montage de v\u00e9hicules de marque KIA. Des dossiers assez lourds contenant des faites de complicit\u00e9s de haut responsables dont Ahmed Ouyahia et Abdeslam Bouchouareb qui se trouve actuellement \u00e0 l\u2019\u00e9tranger.\u00a0\u00a0\u00a0<\/div>\n<\/div>\n<p>Auteur: Nadine<br \/>\n<a href=\"https:\/\/www.reflexiondz.net\/AFFAIRE-KIA-Trois-freres-Arbaoui-devant-le-procureur-a-Sidi-M-hamed_a56238.html\">Cliquez ici pour lire l&rsquo;article depuis sa source.<\/a><\/p>\n","protected":false},"excerpt":{"rendered":"<p>Les fr\u00e8res Arbaoui sont arriv\u00e9s, hier, au tribunal de Sidi Mhamed afin de compara\u00eetre devant le procureur de la R\u00e9publique dans l\u2019affaire de l\u2019usine KIA dont ils sont les propri\u00e9taires. Les fr\u00e8res Arbaoui ont comparu devant le procureur de la R\u00e9publique en compagnie de huit cadres et hauts fonctionnaires. Ces derniers sont poursuivis avec l\u2019ancien [&hellip;]<\/p>\n","protected":false},"author":1740,"featured_media":0,"comment_status":"closed","ping_status":"closed","sticky":false,"template":"","format":"standard","meta":{"fifu_image_url":"","fifu_image_alt":"","footnotes":""},"categories":[53,76],"tags":[],"class_list":["post-41727","post","type-post","status-publish","format-standard","hentry","category-algerie","category-regions"],"_links":{"self":[{"href":"https:\/\/linitiative.ca\/International\/wp-json\/wp\/v2\/posts\/41727","targetHints":{"allow":["GET"]}}],"collection":[{"href":"https:\/\/linitiative.ca\/International\/wp-json\/wp\/v2\/posts"}],"about":[{"href":"https:\/\/linitiative.ca\/International\/wp-json\/wp\/v2\/types\/post"}],"author":[{"embeddable":true,"href":"https:\/\/linitiative.ca\/International\/wp-json\/wp\/v2\/users\/1740"}],"replies":[{"embeddable":true,"href":"https:\/\/linitiative.ca\/International\/wp-json\/wp\/v2\/comments?post=41727"}],"version-history":[{"count":0,"href":"https:\/\/linitiative.ca\/International\/wp-json\/wp\/v2\/posts\/41727\/revisions"}],"wp:attachment":[{"href":"https:\/\/linitiative.ca\/International\/wp-json\/wp\/v2\/media?parent=41727"}],"wp:term":[{"taxonomy":"category","embeddable":true,"href":"https:\/\/linitiative.ca\/International\/wp-json\/wp\/v2\/categories?post=41727"},{"taxonomy":"post_tag","embeddable":true,"href":"https:\/\/linitiative.ca\/International\/wp-json\/wp\/v2\/tags?post=41727"}],"curies":[{"name":"wp","href":"https:\/\/api.w.org\/{rel}","templated":true}]}}