{"id":41733,"date":"2019-06-20T05:00:57","date_gmt":"2019-06-20T09:00:57","guid":{"rendered":"https:\/\/linitiative.ca\/International\/les-verts-en-mode-concentration-maximale\/"},"modified":"2019-06-20T05:00:57","modified_gmt":"2019-06-20T09:00:57","slug":"les-verts-en-mode-concentration-maximale","status":"publish","type":"post","link":"https:\/\/linitiative.ca\/International\/les-verts-en-mode-concentration-maximale\/","title":{"rendered":"Les Verts en mode concentration maximale"},"content":{"rendered":"<h4 class=\"title-14\"\/>\n<p class=\"p3\"><span class=\"s1\"><strong>D<\/strong><\/span><span class=\"s1\">\u00e9barquant tard dans la soir\u00e9e de mardi au Caire, \u00e0 trois jours du coup d\u2019envoi de la CAN et \u00e0 cinq jours de son premier match du tournoi africain, la s\u00e9lection nationale est d\u00e9sormais dans le vif du sujet.<\/span><\/p>\n<p class=\"p3\"><span class=\"s1\">Ralliant l\u2019Egypte pour prendre part au tournoi africain \u2013 apr\u00e8s dix jours de stage \u00e0 Doha (Qatar), agr\u00e9ment\u00e9 de deux joutes amicales, la premi\u00e8re face au Burundi et la seconde face au Mali \u2013 Djamel Belmadi et ses cap\u00e9s qui ont pris leur quartier \u00e0 l\u2019h\u00f4tel Royal Maxime Kempinski du Caire, qui sera leur camp de base durant le tournoi \u2013 sont entr\u00e9s dans la phase comp\u00e9titive avec en ligne de mire, ce match de la premi\u00e8re journ\u00e9e de la phase de groupe, qui les mettra aux prises, dans trois jours, au Kenya.<\/span><\/p>\n<p class=\"p3\"><span class=\"s1\">Faisant de la concentration de ses cap\u00e9s une condition primordiale pour r\u00e9ussir une bonne entame dans cette CAN, surtout qu\u2019il ne cache pas ses ambitions de remporter le troph\u00e9e, Djamel Belamdi a donn\u00e9 des consignes strictes \u00e0 Mahrez et compagnie.<\/span><\/p>\n<p class=\"p3\"><span class=\"s1\">Ainsi, le s\u00e9lectionneur a pos\u00e9 des r\u00e8gles strictes, notamment en mati\u00e8re de contacts avec les gens, interdisant \u00e0 ses joueurs de prendre des selfies et de discuter avec les gens pr\u00e9sents \u00e0 l\u2019h\u00f4tel, allant jusqu\u2019\u00e0 confiner ces derniers dans leurs chambres, pour une concentration maximale en pr\u00e9vision du match face au Kenya et de tout le tournoi.<\/span><\/p>\n<p class=\"p3\"><span class=\"s1\">R\u00e9put\u00e9 comme ne l\u00e9sinant gu\u00e8re sur le volet disciplinaire, Belmadi, qui avait m\u00eame interdit \u00e0 ses joueurs de faire de d\u00e9claration, mardi soir \u00e0 leur arriv\u00e9 au Caire, ne compte pas desserrer l\u2019\u00e9tau et impose de la discipline et de la rigueur, d\u00e9montrant cette d\u00e9termination et cet engagement de faire de la s\u00e9lection nationale, un v\u00e9ritable challenger pour le sacre final.\u00a0<\/span><\/p>\n<blockquote readability=\"29\">\n<p class=\"p1\"><strong><span class=\"s1\">\u2013 11 s\u00e9lectionneurs africains pr\u00e9sents en \u00e9gypte<\/span><\/strong><\/p>\n<p class=\"p3\"><span class=\"s1\">La 32<sup>e<\/sup> \u00e9dition de la Coupe d\u2019Afrique des nations sera marqu\u00e9e par la pr\u00e9sence d\u2019un grand nombre d\u2019entra\u00eeneurs africains. En effet, onze s\u00e9lectionneurs africains seront pr\u00e9sents en Egypte, soit sept de plus que la derni\u00e8re \u00e9dition qui s\u2019est d\u00e9roul\u00e9e au Gabon avec 16 nations.<\/span><\/p>\n<p class=\"p3\"><span class=\"s1\">Le groupe C o\u00f9 figure l\u2019Alg\u00e9rie est d\u2019ailleurs le plus repr\u00e9sent\u00e9 par les entra\u00eeneurs africains : S\u00e9n\u00e9gal (Aliou Ciss\u00e9, S\u00e9n\u00e9gal), Tanzanie (Tanzanie (Emmanuel Amunike\/Nigeria) et Djamel Belmadi qui dirigera l\u2019Alg\u00e9rie en Egypte. D\u2019ailleurs, l\u2019Alg\u00e9rie est le seul pays nord-africain qui sera dirig\u00e9 par un entra\u00eeneur local ou africain.<\/span><\/p>\n<p class=\"p3\"><span class=\"s1\">Sur les treize entra\u00eeneurs \u00e9trangers \u00e0 la t\u00eate des autres nations participantes, la France d\u00e9tient la part du lion avec six entra\u00eeneurs : Michel Dussuyer (B\u00e9nin), Alain Giresse (Tunisie), Corentin Martins (Mauritanie), S\u00e9bastien Mign\u00e9 (Kenya), S\u00e9bastien Desabre (Ouganda) et Nicolas Dupuis (Madagascar).<\/span> <em><strong><span class=\"s4\">A. B.<\/span><\/strong><\/em><\/p>\n<\/blockquote>\n<p><span class=\"post-views-label\">Post Views:<\/span> <span class=\"post-views-count\">129<\/span><\/p>\n<p>Auteur: Anis Khecheba<br \/>\n<a href=\"https:\/\/www.elwatan.com\/edition\/sports\/les-verts-en-mode-concentration-maximale-20-06-2019\">Cliquez ici pour lire l&rsquo;article depuis sa source.<\/a><\/p>\n","protected":false},"excerpt":{"rendered":"<p>D\u00e9barquant tard dans la soir\u00e9e de mardi au Caire, \u00e0 trois jours du coup d\u2019envoi de la CAN et \u00e0 cinq jours de son premier match du tournoi africain, la s\u00e9lection nationale est d\u00e9sormais dans le vif du sujet. Ralliant l\u2019Egypte pour prendre part au tournoi africain \u2013 apr\u00e8s dix jours de stage \u00e0 Doha [&hellip;]<\/p>\n","protected":false},"author":1743,"featured_media":0,"comment_status":"closed","ping_status":"closed","sticky":false,"template":"","format":"standard","meta":{"fifu_image_url":"","fifu_image_alt":"","footnotes":""},"categories":[73,53],"tags":[],"class_list":["post-41733","post","type-post","status-publish","format-standard","hentry","category-actualite","category-algerie"],"_links":{"self":[{"href":"https:\/\/linitiative.ca\/International\/wp-json\/wp\/v2\/posts\/41733","targetHints":{"allow":["GET"]}}],"collection":[{"href":"https:\/\/linitiative.ca\/International\/wp-json\/wp\/v2\/posts"}],"about":[{"href":"https:\/\/linitiative.ca\/International\/wp-json\/wp\/v2\/types\/post"}],"author":[{"embeddable":true,"href":"https:\/\/linitiative.ca\/International\/wp-json\/wp\/v2\/users\/1743"}],"replies":[{"embeddable":true,"href":"https:\/\/linitiative.ca\/International\/wp-json\/wp\/v2\/comments?post=41733"}],"version-history":[{"count":0,"href":"https:\/\/linitiative.ca\/International\/wp-json\/wp\/v2\/posts\/41733\/revisions"}],"wp:attachment":[{"href":"https:\/\/linitiative.ca\/International\/wp-json\/wp\/v2\/media?parent=41733"}],"wp:term":[{"taxonomy":"category","embeddable":true,"href":"https:\/\/linitiative.ca\/International\/wp-json\/wp\/v2\/categories?post=41733"},{"taxonomy":"post_tag","embeddable":true,"href":"https:\/\/linitiative.ca\/International\/wp-json\/wp\/v2\/tags?post=41733"}],"curies":[{"name":"wp","href":"https:\/\/api.w.org\/{rel}","templated":true}]}}