{"id":41738,"date":"2019-06-20T05:03:40","date_gmt":"2019-06-20T09:03:40","guid":{"rendered":"https:\/\/linitiative.ca\/International\/biskra-des-travailleurs-sans-salaire-depuis-17-mois\/"},"modified":"2019-06-20T05:03:40","modified_gmt":"2019-06-20T09:03:40","slug":"biskra-des-travailleurs-sans-salaire-depuis-17-mois","status":"publish","type":"post","link":"https:\/\/linitiative.ca\/International\/biskra-des-travailleurs-sans-salaire-depuis-17-mois\/","title":{"rendered":"Biskra : Des travailleurs sans salaire depuis 17 mois"},"content":{"rendered":"<h4 class=\"title-14\"\/>\n<div class=\"featured_image\"><img width=\"800\" height=\"640\" data-cfsrc=\"https:\/\/www.elwatan.com\/wp-content\/uploads\/2019\/06\/Biskra-e1560990820568.jpg\" class=\"attachment-post-thumbnail size-post-thumbnail wp-post-image c1\" alt=\"\"\/><noscript><\/p>\n<p><img loading=\"lazy\" decoding=\"async\" width=\"800\" height=\"640\" src=\"https:\/\/www.elwatan.com\/wp-content\/uploads\/2019\/06\/Biskra-e1560990820568.jpg\" class=\"attachment-post-thumbnail size-post-thumbnail wp-post-image\" alt=\"\"\/><\/p>\n<p><\/noscript> <span class=\"featured-image-caption\">(Photo : EL WATAN)<\/span><\/div>\n<p>Les 31 travailleurs de l\u2019unit\u00e9 de Biskra du bureau d\u2019\u00e9tudes \u00e9conomiques et techniques Batna (BEETB, anciennement Seteb) ont entam\u00e9, lundi, une gr\u00e8ve ouverte pour d\u00e9noncer le non-versement de leurs salaires depuis 17 mois.<\/p>\n<p>Ils interpellent les autorit\u00e9s comp\u00e9tentes \u00e0 intervenir afin de sauver cette unit\u00e9 de la dissolution \u00abprogramm\u00e9e en catimini, mais non d\u00e9clar\u00e9e officiellement par la direction r\u00e9gionale\u00bb, selon eux.<\/p>\n<p>En d\u00e9sespoir de cause, ils ont verrouill\u00e9 la porte d\u2019entr\u00e9e et placard\u00e9 la fa\u00e7ade de leur si\u00e8ge de Beni Morah d\u2019affiches et de banderoles comportant leurs revendications et leurs griefs \u00e0 l\u2019encontre des responsables de cette entreprise publique, lesquels seraient \u00abinsensibles \u00e0 leurs dol\u00e9ances de travailleurs et p\u00e8res de famille jet\u00e9s dans le d\u00e9nuement et le ch\u00f4mage technique pour des raisons inavou\u00e9es\u00bb, rel\u00e8vent-ils la mort dans l\u2019\u00e2me. \u00abIl y a visiblement un plan foment\u00e9 pour dissoudre cette unit\u00e9 dont les travailleurs ont les comp\u00e9tences pour lui faire sortir la t\u00eate de l\u2019eau pourvu qu\u2019une volont\u00e9 de le faire soit exprim\u00e9e.<\/p>\n<p>Malgr\u00e9 nos correspondances aux dirigeants de Batna et d\u2019Alger, nos r\u00e9unions avec les autorit\u00e9s locales et nos actions pour d\u00e9nouer la situation, il semble que personne ne puisse agir pour permettre \u00e0 cette unit\u00e9 de continuer \u00e0 exister.<\/p>\n<p>Nos comptes sont bloqu\u00e9s, la CNAS nous r\u00e9clame 9 milliards de centimes de cotisations impay\u00e9es, la BDL aussi veut ses 3,5 milliards de centimes de cr\u00e9dits, des retrait\u00e9s du BEETB attendent le versement de leurs primes de d\u00e9part et beaucoup de nos employ\u00e9s ont quitt\u00e9 pour tenter leur chance ailleurs.<\/p>\n<p>Malgr\u00e9 tout, nous sommes d\u00e9termin\u00e9s \u00e0 faire valoir nos droits et \u00e0 tenter de sauver cette unit\u00e9\u00bb, a expliqu\u00e9 Soumia Guesmi, repr\u00e9sentante syndicale des travailleurs. \u00abNous vivons une situation cruelle et inacceptable depuis des mois. Nous sommes dans le flou total. Nous voulons juste qu\u2019une d\u00e9cision nette et pr\u00e9cise soit prise quant au statut de notre unit\u00e9.<\/p>\n<p>En application de la r\u00e9glementation, nous soumissionnons pour obtenir des projets, mais \u00e9trangement, et comme par miracle, ce sont toujours des bureaux d\u2019\u00e9tudes priv\u00e9s qui raflent les march\u00e9s\u00bb, a ajout\u00e9 un architecte.<\/p>\n<p>Un haut responsable de \u00abGenest SPA\u00bb du \u00abGroupe \u00e9tude et engineering\u00bb d\u00e9pendant du minist\u00e8re de l\u2019Habitat, de l\u2019Urbanisme et de la Ville g\u00e9rant l\u2019EPE\/BEETB, \u00e9tait attendu cette semaine \u00e0 Biskra pour tenter de trouver des solutions \u00e0 ces probl\u00e8mes.<\/p>\n<p><span class=\"post-views-label\">Post Views:<\/span> <span class=\"post-views-count\">257<\/span><\/p>\n<p>Auteur: Hicham Chouadria<br \/>\n<a href=\"https:\/\/www.elwatan.com\/regions\/est\/biskra\/biskra-des-travailleurs-sans-salaire-depuis-17-mois-20-06-2019\">Cliquez ici pour lire l&rsquo;article depuis sa source.<\/a><\/p>\n","protected":false},"excerpt":{"rendered":"<p>(Photo : EL WATAN) Les 31 travailleurs de l\u2019unit\u00e9 de Biskra du bureau d\u2019\u00e9tudes \u00e9conomiques et techniques Batna (BEETB, anciennement Seteb) ont entam\u00e9, lundi, une gr\u00e8ve ouverte pour d\u00e9noncer le non-versement de leurs salaires depuis 17 mois. Ils interpellent les autorit\u00e9s comp\u00e9tentes \u00e0 intervenir afin de sauver cette unit\u00e9 de la dissolution \u00abprogramm\u00e9e en catimini, [&hellip;]<\/p>\n","protected":false},"author":1743,"featured_media":41739,"comment_status":"closed","ping_status":"closed","sticky":false,"template":"","format":"standard","meta":{"fifu_image_url":"","fifu_image_alt":"","footnotes":""},"categories":[73,53],"tags":[],"class_list":["post-41738","post","type-post","status-publish","format-standard","has-post-thumbnail","hentry","category-actualite","category-algerie"],"_links":{"self":[{"href":"https:\/\/linitiative.ca\/International\/wp-json\/wp\/v2\/posts\/41738","targetHints":{"allow":["GET"]}}],"collection":[{"href":"https:\/\/linitiative.ca\/International\/wp-json\/wp\/v2\/posts"}],"about":[{"href":"https:\/\/linitiative.ca\/International\/wp-json\/wp\/v2\/types\/post"}],"author":[{"embeddable":true,"href":"https:\/\/linitiative.ca\/International\/wp-json\/wp\/v2\/users\/1743"}],"replies":[{"embeddable":true,"href":"https:\/\/linitiative.ca\/International\/wp-json\/wp\/v2\/comments?post=41738"}],"version-history":[{"count":0,"href":"https:\/\/linitiative.ca\/International\/wp-json\/wp\/v2\/posts\/41738\/revisions"}],"wp:featuredmedia":[{"embeddable":true,"href":"https:\/\/linitiative.ca\/International\/wp-json\/"}],"wp:attachment":[{"href":"https:\/\/linitiative.ca\/International\/wp-json\/wp\/v2\/media?parent=41738"}],"wp:term":[{"taxonomy":"category","embeddable":true,"href":"https:\/\/linitiative.ca\/International\/wp-json\/wp\/v2\/categories?post=41738"},{"taxonomy":"post_tag","embeddable":true,"href":"https:\/\/linitiative.ca\/International\/wp-json\/wp\/v2\/tags?post=41738"}],"curies":[{"name":"wp","href":"https:\/\/api.w.org\/{rel}","templated":true}]}}