{"id":41741,"date":"2019-06-20T05:30:24","date_gmt":"2019-06-20T09:30:24","guid":{"rendered":"https:\/\/linitiative.ca\/International\/discours-virulent-de-gaid-salah-inquietant\/"},"modified":"2019-06-20T05:30:24","modified_gmt":"2019-06-20T09:30:24","slug":"discours-virulent-de-gaid-salah-inquietant","status":"publish","type":"post","link":"https:\/\/linitiative.ca\/International\/discours-virulent-de-gaid-salah-inquietant\/","title":{"rendered":"Discours virulent de Ga\u00efd Salah : Inqui\u00e9tant !"},"content":{"rendered":"<h4 class=\"title-14\"\/>\n<div class=\"featured_image\"><img width=\"800\" height=\"533\" data-cfsrc=\"https:\/\/www.elwatan.com\/wp-content\/uploads\/2019\/06\/gaid-1-e1560980373547.jpg\" class=\"attachment-post-thumbnail size-post-thumbnail wp-post-image c1\" alt=\"\"\/><noscript><\/p>\n<p><img loading=\"lazy\" decoding=\"async\" width=\"800\" height=\"533\" src=\"https:\/\/www.elwatan.com\/wp-content\/uploads\/2019\/06\/gaid-1-e1560980373547.jpg\" class=\"attachment-post-thumbnail size-post-thumbnail wp-post-image\" alt=\"\"\/><\/p>\n<p><\/noscript> <span class=\"featured-image-caption\">(Photo: MDN)<\/span><\/div>\n<p class=\"p1\"><span class=\"s1\"><strong>L<\/strong><\/span>e g\u00e9n\u00e9ral de corps d\u2019arm\u00e9e Ahmed Ga\u00efd Salah, chef d\u2019\u00e9tat-major de l\u2019Arm\u00e9e nationale populaire (ANP), a prononc\u00e9, hier, un \u00e9ni\u00e8me discours lors de sa troisi\u00e8me journ\u00e9e de la visite qu\u2019il effectue en 3<sup>e<\/sup> R\u00e9gion militaire \u00e0 B\u00e9char.<\/p>\n<p class=\"p1\">Si dans les pr\u00e9c\u00e9dents, il avait insist\u00e9 sur le respect de la voie constitutionnelle, rejetant une autre fois la \u00abtransition\u00bb, hier, le vice-ministre de la D\u00e9fense nationale a mis l\u2019accent sur le drapeau national. <em>\u00abIl m\u2019appartient \u00e9galement en cette occasion d\u2019attirer l\u2019attention sur une question sensible, \u00e0 savoir la tentative d\u2019infiltrer les marches et porter d\u2019autres embl\u00e8mes que notre embl\u00e8me national par une infime minorit\u00e9. L\u2019Alg\u00e9rie ne poss\u00e8de qu\u2019un seul drapeau, pour lequel des millions de chouhada sont tomb\u00e9s en martyrs\u00bb<\/em>, a-t-il d\u00e9clar\u00e9 \u00e0 ce propos.<\/p>\n<p class=\"p1\">Et d\u2019ajouter : <em>\u00abUn embl\u00e8me unique qui repr\u00e9sente le symbole de souverainet\u00e9 de l\u2019Alg\u00e9rie, de son ind\u00e9pendance, de son int\u00e9grit\u00e9 territoriale et de son unit\u00e9 populaire.\u00bb<\/em> Ga\u00efd Salah, pour qui <em>\u00abil est inacceptable de manipuler les sentiments et \u00e9motions du peuple alg\u00e9rien\u00bb<\/em>, a indiqu\u00e9, \u00e0 cet effet, que <em>\u00abdes ordres et instructions fermes ont \u00e9t\u00e9 donn\u00e9s aux forces de s\u00e9curit\u00e9 afin de faire respecter strictement les lois en vigueur et de faire face aux individus qui essayent d\u2019attenter \u00e0 nouveau aux sentiments des Alg\u00e9riens \u00e0 propos de ce sujet sensible et d\u00e9licat\u00bb<\/em>.<\/p>\n<p class=\"p2\"><span class=\"s2\">Une d\u00e9claration qui risque de provoquer des r\u00e9actions de la part de larges pans de la soci\u00e9t\u00e9, notamment de partis politiques de l\u2019opposition et de la soci\u00e9t\u00e9 civile, qui y verraient une <em>\u00abtentative de division\u00bb<\/em> du hirak, comme l\u2019ont d\u00e9j\u00e0 soulign\u00e9 certains, \u00e0 l\u2019image de Sa\u00efd Salhi, vice-pr\u00e9sident de la Ligue alg\u00e9rienne de d\u00e9fense des droits de l\u2019homme (LADDH). Le chef d\u2019\u00e9tat-major n\u2019a pas identifi\u00e9, dans son discours, de quel drapeau il s\u2019agissait.<\/span><\/p>\n<p class=\"p2\"><span class=\"s2\">Or, seul le drapeau palestinien et surtout l\u2019\u00e9tendard amazigh sont port\u00e9s par de nombreux manifestants lors des marches des vendredis. Les r\u00e9seaux sociaux ont d\u2019ailleurs commenc\u00e9 \u00e0 s\u2019emballer juste apr\u00e8s la diffusion du discours. Cons\u00e9quence\u00a0: beaucoup de citoyens ont d\u00e9j\u00e0 promis de marcher ce vendredi avec l\u2019\u00e9tendard amazigh. Va-t-on assister, ainsi, lors des 18<sup>es<\/sup> manifestations, \u00e0 des tentatives des policiers de sa saisie puisque <em>\u00abdes ordres et instructions fermes ont \u00e9t\u00e9 donn\u00e9s aux forces de s\u00e9curit\u00e9 afin de faire respecter strictement les lois en vigueur et de faire face aux individus qui essayent d\u2019attenter \u00e0 nouveau aux sentiments des Alg\u00e9riens\u00bb<\/em> ?<\/span><\/p>\n<p class=\"p2\">Il faut rappeler que c\u2019est la deuxi\u00e8me fois, depuis le d\u00e9but du hirak, que le vice-ministre de la D\u00e9fense nationale \u00e9voque cette question du drapeau. A la veille du 9<sup>e<\/sup> vendredi, il avait parl\u00e9 du <em>\u00abrespect des symboles de l\u2019Etat, dont le drapeau national\u00bb<\/em>. Certaines personnalit\u00e9s connues pour leur aversion pour la question amazighe, \u00e0 l\u2019image de la d\u00e9put\u00e9e Na\u00efma Salhi, avaient aussit\u00f4t affirm\u00e9 que c\u2019est le drapeau amazigh qui \u00e9tait <em>\u00abind\u00e9sirable\u00bb<\/em>.<\/p>\n<p class=\"p2\">Un faux communiqu\u00e9 de la police, donnant foi \u00e0 cette interpr\u00e9tation, avait \u00e9t\u00e9 diffus\u00e9. Fort heureusement, la DGSN avait vite apport\u00e9 un d\u00e9menti formel. D\u2019ailleurs, lors de ce 9<sup>e<\/sup> vendredi, des policiers, une minorit\u00e9 faut-il le souligner, avaient saisi des drapeaux amazighs port\u00e9s par des citoyens. Une attitude qui n\u2019\u00e9tait pas g\u00e9n\u00e9ralis\u00e9e bien s\u00fbr. Les choses sont vite rentr\u00e9es dans l\u2019ordre par la suite.<\/p>\n<p class=\"p2\">Ce dernier discours de Ga\u00efd Salah risque donc de remettre sur la table la pol\u00e9mique autour de l\u2019identit\u00e9, qui, faut-il le pr\u00e9ciser, a \u00e9t\u00e9 aliment\u00e9e en d\u00e9but de semaine par un sujet de langue arabe des \u00e9preuves du baccalaur\u00e9at. A moins que le chef d\u2019\u00e9tat-major apporte des clarifications aujourd\u2019hui ou demain quant \u00e0 sa d\u00e9claration.<\/p>\n<p><span class=\"post-views-label\">Post Views:<\/span> <span class=\"post-views-count\">11\u00a0727<\/span><\/p>\n<p>Auteur: Hicham Chouadria<br \/>\n<a href=\"https:\/\/www.elwatan.com\/a-la-une\/discours-virulent-de-gaid-salah-inquietant-20-06-2019\">Cliquez ici pour lire l&rsquo;article depuis sa source.<\/a><\/p>\n","protected":false},"excerpt":{"rendered":"<p>(Photo: MDN) Le g\u00e9n\u00e9ral de corps d\u2019arm\u00e9e Ahmed Ga\u00efd Salah, chef d\u2019\u00e9tat-major de l\u2019Arm\u00e9e nationale populaire (ANP), a prononc\u00e9, hier, un \u00e9ni\u00e8me discours lors de sa troisi\u00e8me journ\u00e9e de la visite qu\u2019il effectue en 3e R\u00e9gion militaire \u00e0 B\u00e9char. Si dans les pr\u00e9c\u00e9dents, il avait insist\u00e9 sur le respect de la voie constitutionnelle, rejetant une [&hellip;]<\/p>\n","protected":false},"author":1743,"featured_media":41742,"comment_status":"closed","ping_status":"closed","sticky":false,"template":"","format":"standard","meta":{"fifu_image_url":"","fifu_image_alt":"","footnotes":""},"categories":[73,53],"tags":[],"class_list":["post-41741","post","type-post","status-publish","format-standard","has-post-thumbnail","hentry","category-actualite","category-algerie"],"_links":{"self":[{"href":"https:\/\/linitiative.ca\/International\/wp-json\/wp\/v2\/posts\/41741","targetHints":{"allow":["GET"]}}],"collection":[{"href":"https:\/\/linitiative.ca\/International\/wp-json\/wp\/v2\/posts"}],"about":[{"href":"https:\/\/linitiative.ca\/International\/wp-json\/wp\/v2\/types\/post"}],"author":[{"embeddable":true,"href":"https:\/\/linitiative.ca\/International\/wp-json\/wp\/v2\/users\/1743"}],"replies":[{"embeddable":true,"href":"https:\/\/linitiative.ca\/International\/wp-json\/wp\/v2\/comments?post=41741"}],"version-history":[{"count":0,"href":"https:\/\/linitiative.ca\/International\/wp-json\/wp\/v2\/posts\/41741\/revisions"}],"wp:featuredmedia":[{"embeddable":true,"href":"https:\/\/linitiative.ca\/International\/wp-json\/"}],"wp:attachment":[{"href":"https:\/\/linitiative.ca\/International\/wp-json\/wp\/v2\/media?parent=41741"}],"wp:term":[{"taxonomy":"category","embeddable":true,"href":"https:\/\/linitiative.ca\/International\/wp-json\/wp\/v2\/categories?post=41741"},{"taxonomy":"post_tag","embeddable":true,"href":"https:\/\/linitiative.ca\/International\/wp-json\/wp\/v2\/tags?post=41741"}],"curies":[{"name":"wp","href":"https:\/\/api.w.org\/{rel}","templated":true}]}}